{"id":1400,"date":"2024-02-25T08:55:15","date_gmt":"2024-02-25T08:55:15","guid":{"rendered":"https:\/\/varsoviaklimat.pl\/?p=1400"},"modified":"2024-02-27T10:05:41","modified_gmt":"2024-02-27T10:05:41","slug":"gdy-cieplo-w-lutym-zimno-w-marcu-bywa","status":"publish","type":"post","link":"https:\/\/varsoviaklimat.pl\/?p=1400","title":{"rendered":"\u201eGdy ciep\u0142o w lutym, zimno w marcu bywa\u2026\u201d &#8211; (?)"},"content":{"rendered":"<p>Tegoroczny luty stanowczo zmierza do str\u0105cenia z podium dotychczas historycznie najcieplejszego lutego (z roku 1990). Czy czeka nas nieuchronnie \u201ereakcja\u201d na lutowe ciep\u0142o w postaci zimnego marca? Jedna ze znanych polskich \u201em\u0105dro\u015bci ludowych\u201d tak w\u0142a\u015bnie prorokuje:<\/p>\n<p>\u201eGdy ciep\u0142o w lutym, zimno w marcu bywa, d\u0142ugo potrwa zima, rzecz to niew\u0105tpliwa\u201d. Czy to przys\u0142owie odpowiada obecnej rzeczywisto\u015bci naznaczonej ociepleniem klimatycznym?<\/p>\n<p>Na poni\u017cszym wykresie (1) widzimy \u015brednie temperatury 15 najcieplejszych warszawskich lutych XIX stulecia, oraz warto\u015bci marc\u00f3w bezpo\u015brednio po nich nast\u0119puj\u0105cych.<\/p>\n<p>Wykres 1.<\/p>\n<p><a href=\"https:\/\/varsoviaklimat.pl\/wp-content\/uploads\/2024\/02\/Luty-vs-marzec-1801-1900.png\"><img loading=\"lazy\" decoding=\"async\" class=\"alignnone size-full wp-image-1397\" src=\"https:\/\/varsoviaklimat.pl\/wp-content\/uploads\/2024\/02\/Luty-vs-marzec-1801-1900.png\" alt=\"\" width=\"578\" height=\"338\" srcset=\"https:\/\/varsoviaklimat.pl\/wp-content\/uploads\/2024\/02\/Luty-vs-marzec-1801-1900.png 578w, https:\/\/varsoviaklimat.pl\/wp-content\/uploads\/2024\/02\/Luty-vs-marzec-1801-1900-300x175.png 300w\" sizes=\"auto, (max-width: 578px) 100vw, 578px\" \/><\/a><\/p>\n<p>Dane bazowe: Gda\u0144sk \/ Magier \/ OA \/ SMW. Seria homogeniczna. Opracowanie VarsoviaKlimat.pl.<\/p>\n<p>W 3 przypadkach T\u015br marca jest ni\u017csza od lutowej (w latach 1843, 1869, 1867).<br \/>\nXIX-wieczna \u015brednia temperatura marca to 0,5\u00b0C. Z ukazanych na wykresie marc\u00f3w, 13 ma warto\u015bci wy\u017csze.<br \/>\nNa poni\u017cszym wykresie (2) widzimy \u015brednie temperatury 15 najcieplejszych warszawskich lutych XX stulecia, oraz warto\u015bci marc\u00f3w bezpo\u015brednio po nich nast\u0119puj\u0105cych.<\/p>\n<p>Wykres 2.<\/p>\n<p><a href=\"https:\/\/varsoviaklimat.pl\/wp-content\/uploads\/2024\/02\/Luty-vs-marzec-1901-2000.png\"><img loading=\"lazy\" decoding=\"async\" class=\"alignnone size-full wp-image-1398\" src=\"https:\/\/varsoviaklimat.pl\/wp-content\/uploads\/2024\/02\/Luty-vs-marzec-1901-2000.png\" alt=\"\" width=\"578\" height=\"338\" srcset=\"https:\/\/varsoviaklimat.pl\/wp-content\/uploads\/2024\/02\/Luty-vs-marzec-1901-2000.png 578w, https:\/\/varsoviaklimat.pl\/wp-content\/uploads\/2024\/02\/Luty-vs-marzec-1901-2000-300x175.png 300w\" sizes=\"auto, (max-width: 578px) 100vw, 578px\" \/><\/a><\/p>\n<p>Dane bazowe: SMW \/ TNW \/ PIM \/ PIHM \/ IMGW \/ IMGW-PIB. Seria homogeniczna. Opracowanie VarsoviaKlimat.pl.<\/p>\n<p>W 3 przypadkach T\u015br marca jest ni\u017csza od lutowej (w latach 1925, 1998, 1939).<br \/>\nXX-wieczna \u015brednia temperatura marca to 2,0\u00b0C. Z ukazanych na wykresie marc\u00f3w, 12 ma warto\u015bci wy\u017csze.<br \/>\nNa poni\u017cszym wykresie (3) widzimy \u015brednie temperatury 15 najcieplejszych warszawskich lutych XXI stulecia, oraz warto\u015bci marc\u00f3w bezpo\u015brednio po nich nast\u0119puj\u0105cych.<\/p>\n<p>Wykres 3.<\/p>\n<p><a href=\"https:\/\/varsoviaklimat.pl\/wp-content\/uploads\/2024\/02\/Luty-vs-marzec-2001-2023.png\"><img loading=\"lazy\" decoding=\"async\" class=\"alignnone size-full wp-image-1399\" src=\"https:\/\/varsoviaklimat.pl\/wp-content\/uploads\/2024\/02\/Luty-vs-marzec-2001-2023.png\" alt=\"\" width=\"578\" height=\"338\" srcset=\"https:\/\/varsoviaklimat.pl\/wp-content\/uploads\/2024\/02\/Luty-vs-marzec-2001-2023.png 578w, https:\/\/varsoviaklimat.pl\/wp-content\/uploads\/2024\/02\/Luty-vs-marzec-2001-2023-300x175.png 300w\" sizes=\"auto, (max-width: 578px) 100vw, 578px\" \/><\/a><\/p>\n<p>Dane bazowe: IMGW \/ IMGW-PIB. Opracowanie VarsoviaKlimat.pl.<\/p>\n<p>W jednym przypadku T\u015br marca jest ni\u017csza od lutowej (w roku 2013).<br \/>\nXXI-wieczna (23 lata) \u015brednia temperatura marca to 3,6\u00b0C. Z ukazanych na wykresie marc\u00f3w, 12 ma warto\u015bci wy\u017csze, 1 ma t\u0119 sam\u0105.<\/p>\n<p>Przy tej okazji, ciekawym jest por\u00f3wnanie u\u015brednionych warto\u015bci z powy\u017cszych trzech wykres\u00f3w.<\/p>\n<p>Jak si\u0119 okazuje, dla XIX stulecia \u015brednia temperatura 15-stu najcieplejszych lutych to 0,6\u00b0C, a nast\u0119puj\u0105cych po nich marc\u00f3w to 2,2\u00b0C (marcowa \u015brednia stulecia 0,5\u00b0C).<br \/>\nDla XX wieku: odpowiednio 2,7\u00b0C i 3,9\u00b0C (marcowa \u015brednia stulecia 2,0\u00b0C).<br \/>\nDla XXI wieku (23 lata): odpowiednio 1,5\u00b0C i 4,4\u00b0C (marcowa \u015brednia stulecia 3,6\u00b0C).<\/p>\n<p>Jakie p\u0142yn\u0105 wnioski z powy\u017cszych fakt\u00f3w i statystyk?<\/p>\n<ol>\n<li>Znaczna wi\u0119kszo\u015b\u0107 marc\u00f3w jakie nast\u0119powa\u0142y po naj\u0142agodniejszych lutych jest ciep\u0142a b\u0105d\u017a \u0142agodna.<\/li>\n<li>Marce zimowe po ciep\u0142ych lutych (\u201ed\u0142ugo potrwa zima\u2026\u201d) s\u0105 nieliczne, wr\u0119cz wyj\u0105tkowe. Na przedstawionych wykresach, omawiane powiedzonko znajduje potwierdzenie w\u0142a\u015bciwie tylko w latach 1843, 1867, 1869, 1925, 1939, 2013.<\/li>\n<li>W XX stuleciu czo\u0142owe lute s\u0105 cieplejsze ni\u017c w XIX, a w XXI cieplejsze ni\u017c w XX. To samo dotyczy marc\u00f3w.<\/li>\n<li>W rzeczy samej por\u00f3wnanie warto\u015bci na trzech wykresach robi wra\u017cenie; ukazuje jak bardzo oba przedmiotowe miesi\u0105ce ocieplaj\u0105 si\u0119 w perspektywie historycznej.<\/li>\n<\/ol>\n<p>Tytu\u0142owe przys\u0142owie nie znajduje potwierdzenia w statystykach \u017cadnego z przedstawionych trzech stuleci. Po bardzo \u0142agodnym lutym, najbardziej prawdopodobny jest \u0142agodny b\u0105d\u017a ciep\u0142y marzec. Pami\u0119tajmy jednak, \u017ce \u201enajbardziej prawdopodobny\u201d to nie to samo co \u201egwarantowany\u201d. A jak b\u0119dzie w tym roku (2024), wkr\u00f3tce si\u0119 przekonamy.<\/p>\n<p>VarsoviaKlimat.pl<\/p>\n","protected":false},"excerpt":{"rendered":"<p>Tegoroczny luty stanowczo zmierza do str\u0105cenia z podium dotychczas historycznie najcieplejszego lutego (z roku 1990). Czy czeka nas nieuchronnie \u201ereakcja\u201d na lutowe ciep\u0142o w postaci zimnego marca? Jedna ze znanych polskich \u201em\u0105dro\u015bci ludowych\u201d tak w\u0142a\u015bnie prorokuje: \u201eGdy ciep\u0142o w lutym, zimno w marcu bywa, d\u0142ugo potrwa zima, rzecz to niew\u0105tpliwa\u201d. Czy to przys\u0142owie odpowiada obecnej [&hellip;]<\/p>\n","protected":false},"author":7,"featured_media":1397,"comment_status":"open","ping_status":"open","sticky":false,"template":"","format":"standard","meta":{"jetpack_post_was_ever_published":false,"footnotes":"","jetpack_publicize_message":"","jetpack_is_tweetstorm":false,"jetpack_publicize_feature_enabled":true},"categories":[20],"tags":[],"class_list":["post-1400","post","type-post","status-publish","format-standard","has-post-thumbnail","hentry","category-polemiki-mity-polprawdy"],"jetpack_publicize_connections":[],"yoast_head":"<!-- This site is optimized with the Yoast SEO plugin v19.10 - https:\/\/yoast.com\/wordpress\/plugins\/seo\/ -->\n<title>\u201eGdy ciep\u0142o w lutym, zimno w marcu bywa\u2026\u201d - (?) - Klimatyczna Warszawa<\/title>\n<meta name=\"robots\" content=\"index, follow, max-snippet:-1, max-image-preview:large, max-video-preview:-1\" \/>\n<link rel=\"canonical\" href=\"https:\/\/varsoviaklimat.pl\/?p=1400\" \/>\n<meta property=\"og:locale\" content=\"pl_PL\" \/>\n<meta property=\"og:type\" content=\"article\" \/>\n<meta property=\"og:title\" content=\"\u201eGdy ciep\u0142o w lutym, zimno w marcu bywa\u2026\u201d - (?) - Klimatyczna Warszawa\" \/>\n<meta property=\"og:description\" content=\"Tegoroczny luty stanowczo zmierza do str\u0105cenia z podium dotychczas historycznie najcieplejszego lutego (z roku 1990). Czy czeka nas nieuchronnie \u201ereakcja\u201d na lutowe ciep\u0142o w postaci zimnego marca? Jedna ze znanych polskich \u201em\u0105dro\u015bci ludowych\u201d tak w\u0142a\u015bnie prorokuje: \u201eGdy ciep\u0142o w lutym, zimno w marcu bywa, d\u0142ugo potrwa zima, rzecz to niew\u0105tpliwa\u201d. Czy to przys\u0142owie odpowiada obecnej [&hellip;]\" \/>\n<meta property=\"og:url\" content=\"https:\/\/varsoviaklimat.pl\/?p=1400\" \/>\n<meta property=\"og:site_name\" content=\"Klimatyczna Warszawa\" \/>\n<meta property=\"article:published_time\" content=\"2024-02-25T08:55:15+00:00\" \/>\n<meta property=\"article:modified_time\" content=\"2024-02-27T10:05:41+00:00\" \/>\n<meta property=\"og:image\" content=\"https:\/\/varsoviaklimat.pl\/wp-content\/uploads\/2024\/02\/Luty-vs-marzec-1801-1900.png\" \/>\n\t<meta property=\"og:image:width\" content=\"578\" \/>\n\t<meta property=\"og:image:height\" content=\"338\" \/>\n\t<meta property=\"og:image:type\" content=\"image\/png\" \/>\n<meta name=\"author\" content=\"VarsoviaKlimat\" \/>\n<meta name=\"twitter:card\" content=\"summary_large_image\" \/>\n<meta name=\"twitter:label1\" content=\"Napisane przez\" \/>\n\t<meta name=\"twitter:data1\" content=\"VarsoviaKlimat\" \/>\n\t<meta name=\"twitter:label2\" content=\"Szacowany czas czytania\" \/>\n\t<meta name=\"twitter:data2\" content=\"4 minuty\" \/>\n<script type=\"application\/ld+json\" class=\"yoast-schema-graph\">{\"@context\":\"https:\/\/schema.org\",\"@graph\":[{\"@type\":\"WebPage\",\"@id\":\"https:\/\/varsoviaklimat.pl\/?p=1400\",\"url\":\"https:\/\/varsoviaklimat.pl\/?p=1400\",\"name\":\"\u201eGdy ciep\u0142o w lutym, zimno w marcu bywa\u2026\u201d - (?) - Klimatyczna Warszawa\",\"isPartOf\":{\"@id\":\"https:\/\/varsoviaklimat.pl\/#website\"},\"datePublished\":\"2024-02-25T08:55:15+00:00\",\"dateModified\":\"2024-02-27T10:05:41+00:00\",\"author\":{\"@id\":\"https:\/\/varsoviaklimat.pl\/#\/schema\/person\/56fd0c093f8505924c86e53d8458b441\"},\"breadcrumb\":{\"@id\":\"https:\/\/varsoviaklimat.pl\/?p=1400#breadcrumb\"},\"inLanguage\":\"pl-PL\",\"potentialAction\":[{\"@type\":\"ReadAction\",\"target\":[\"https:\/\/varsoviaklimat.pl\/?p=1400\"]}]},{\"@type\":\"BreadcrumbList\",\"@id\":\"https:\/\/varsoviaklimat.pl\/?p=1400#breadcrumb\",\"itemListElement\":[{\"@type\":\"ListItem\",\"position\":1,\"name\":\"Strona g\u0142\u00f3wna\",\"item\":\"https:\/\/varsoviaklimat.pl\/\"},{\"@type\":\"ListItem\",\"position\":2,\"name\":\"\u201eGdy ciep\u0142o w lutym, zimno w marcu bywa\u2026\u201d &#8211; (?)\"}]},{\"@type\":\"WebSite\",\"@id\":\"https:\/\/varsoviaklimat.pl\/#website\",\"url\":\"https:\/\/varsoviaklimat.pl\/\",\"name\":\"Klimatyczna Warszawa\",\"description\":\"Kronika pogody warszawskiej\",\"potentialAction\":[{\"@type\":\"SearchAction\",\"target\":{\"@type\":\"EntryPoint\",\"urlTemplate\":\"https:\/\/varsoviaklimat.pl\/?s={search_term_string}\"},\"query-input\":\"required name=search_term_string\"}],\"inLanguage\":\"pl-PL\"},{\"@type\":\"Person\",\"@id\":\"https:\/\/varsoviaklimat.pl\/#\/schema\/person\/56fd0c093f8505924c86e53d8458b441\",\"name\":\"VarsoviaKlimat\",\"image\":{\"@type\":\"ImageObject\",\"inLanguage\":\"pl-PL\",\"@id\":\"https:\/\/varsoviaklimat.pl\/#\/schema\/person\/image\/\",\"url\":\"https:\/\/secure.gravatar.com\/avatar\/35f0ec221ba4211d1d66ac70107821ed98d562118f3ce9a6f5902e30de7d8776?s=96&d=mm&r=g\",\"contentUrl\":\"https:\/\/secure.gravatar.com\/avatar\/35f0ec221ba4211d1d66ac70107821ed98d562118f3ce9a6f5902e30de7d8776?s=96&d=mm&r=g\",\"caption\":\"VarsoviaKlimat\"},\"url\":\"https:\/\/varsoviaklimat.pl\/?author=7\"}]}<\/script>\n<!-- \/ Yoast SEO plugin. -->","yoast_head_json":{"title":"\u201eGdy ciep\u0142o w lutym, zimno w marcu bywa\u2026\u201d - (?) - Klimatyczna Warszawa","robots":{"index":"index","follow":"follow","max-snippet":"max-snippet:-1","max-image-preview":"max-image-preview:large","max-video-preview":"max-video-preview:-1"},"canonical":"https:\/\/varsoviaklimat.pl\/?p=1400","og_locale":"pl_PL","og_type":"article","og_title":"\u201eGdy ciep\u0142o w lutym, zimno w marcu bywa\u2026\u201d - (?) - Klimatyczna Warszawa","og_description":"Tegoroczny luty stanowczo zmierza do str\u0105cenia z podium dotychczas historycznie najcieplejszego lutego (z roku 1990). Czy czeka nas nieuchronnie \u201ereakcja\u201d na lutowe ciep\u0142o w postaci zimnego marca? Jedna ze znanych polskich \u201em\u0105dro\u015bci ludowych\u201d tak w\u0142a\u015bnie prorokuje: \u201eGdy ciep\u0142o w lutym, zimno w marcu bywa, d\u0142ugo potrwa zima, rzecz to niew\u0105tpliwa\u201d. Czy to przys\u0142owie odpowiada obecnej [&hellip;]","og_url":"https:\/\/varsoviaklimat.pl\/?p=1400","og_site_name":"Klimatyczna Warszawa","article_published_time":"2024-02-25T08:55:15+00:00","article_modified_time":"2024-02-27T10:05:41+00:00","og_image":[{"width":578,"height":338,"url":"https:\/\/varsoviaklimat.pl\/wp-content\/uploads\/2024\/02\/Luty-vs-marzec-1801-1900.png","type":"image\/png"}],"author":"VarsoviaKlimat","twitter_card":"summary_large_image","twitter_misc":{"Napisane przez":"VarsoviaKlimat","Szacowany czas czytania":"4 minuty"},"schema":{"@context":"https:\/\/schema.org","@graph":[{"@type":"WebPage","@id":"https:\/\/varsoviaklimat.pl\/?p=1400","url":"https:\/\/varsoviaklimat.pl\/?p=1400","name":"\u201eGdy ciep\u0142o w lutym, zimno w marcu bywa\u2026\u201d - (?) - Klimatyczna Warszawa","isPartOf":{"@id":"https:\/\/varsoviaklimat.pl\/#website"},"datePublished":"2024-02-25T08:55:15+00:00","dateModified":"2024-02-27T10:05:41+00:00","author":{"@id":"https:\/\/varsoviaklimat.pl\/#\/schema\/person\/56fd0c093f8505924c86e53d8458b441"},"breadcrumb":{"@id":"https:\/\/varsoviaklimat.pl\/?p=1400#breadcrumb"},"inLanguage":"pl-PL","potentialAction":[{"@type":"ReadAction","target":["https:\/\/varsoviaklimat.pl\/?p=1400"]}]},{"@type":"BreadcrumbList","@id":"https:\/\/varsoviaklimat.pl\/?p=1400#breadcrumb","itemListElement":[{"@type":"ListItem","position":1,"name":"Strona g\u0142\u00f3wna","item":"https:\/\/varsoviaklimat.pl\/"},{"@type":"ListItem","position":2,"name":"\u201eGdy ciep\u0142o w lutym, zimno w marcu bywa\u2026\u201d &#8211; (?)"}]},{"@type":"WebSite","@id":"https:\/\/varsoviaklimat.pl\/#website","url":"https:\/\/varsoviaklimat.pl\/","name":"Klimatyczna Warszawa","description":"Kronika pogody warszawskiej","potentialAction":[{"@type":"SearchAction","target":{"@type":"EntryPoint","urlTemplate":"https:\/\/varsoviaklimat.pl\/?s={search_term_string}"},"query-input":"required name=search_term_string"}],"inLanguage":"pl-PL"},{"@type":"Person","@id":"https:\/\/varsoviaklimat.pl\/#\/schema\/person\/56fd0c093f8505924c86e53d8458b441","name":"VarsoviaKlimat","image":{"@type":"ImageObject","inLanguage":"pl-PL","@id":"https:\/\/varsoviaklimat.pl\/#\/schema\/person\/image\/","url":"https:\/\/secure.gravatar.com\/avatar\/35f0ec221ba4211d1d66ac70107821ed98d562118f3ce9a6f5902e30de7d8776?s=96&d=mm&r=g","contentUrl":"https:\/\/secure.gravatar.com\/avatar\/35f0ec221ba4211d1d66ac70107821ed98d562118f3ce9a6f5902e30de7d8776?s=96&d=mm&r=g","caption":"VarsoviaKlimat"},"url":"https:\/\/varsoviaklimat.pl\/?author=7"}]}},"jetpack_featured_media_url":"https:\/\/varsoviaklimat.pl\/wp-content\/uploads\/2024\/02\/Luty-vs-marzec-1801-1900.png","_links":{"self":[{"href":"https:\/\/varsoviaklimat.pl\/index.php?rest_route=\/wp\/v2\/posts\/1400","targetHints":{"allow":["GET"]}}],"collection":[{"href":"https:\/\/varsoviaklimat.pl\/index.php?rest_route=\/wp\/v2\/posts"}],"about":[{"href":"https:\/\/varsoviaklimat.pl\/index.php?rest_route=\/wp\/v2\/types\/post"}],"author":[{"embeddable":true,"href":"https:\/\/varsoviaklimat.pl\/index.php?rest_route=\/wp\/v2\/users\/7"}],"replies":[{"embeddable":true,"href":"https:\/\/varsoviaklimat.pl\/index.php?rest_route=%2Fwp%2Fv2%2Fcomments&post=1400"}],"version-history":[{"count":2,"href":"https:\/\/varsoviaklimat.pl\/index.php?rest_route=\/wp\/v2\/posts\/1400\/revisions"}],"predecessor-version":[{"id":1402,"href":"https:\/\/varsoviaklimat.pl\/index.php?rest_route=\/wp\/v2\/posts\/1400\/revisions\/1402"}],"wp:featuredmedia":[{"embeddable":true,"href":"https:\/\/varsoviaklimat.pl\/index.php?rest_route=\/wp\/v2\/media\/1397"}],"wp:attachment":[{"href":"https:\/\/varsoviaklimat.pl\/index.php?rest_route=%2Fwp%2Fv2%2Fmedia&parent=1400"}],"wp:term":[{"taxonomy":"category","embeddable":true,"href":"https:\/\/varsoviaklimat.pl\/index.php?rest_route=%2Fwp%2Fv2%2Fcategories&post=1400"},{"taxonomy":"post_tag","embeddable":true,"href":"https:\/\/varsoviaklimat.pl\/index.php?rest_route=%2Fwp%2Fv2%2Ftags&post=1400"}],"curies":[{"name":"wp","href":"https:\/\/api.w.org\/{rel}","templated":true}]}}