{"id":1968,"date":"2024-12-30T11:17:49","date_gmt":"2024-12-30T11:17:49","guid":{"rendered":"https:\/\/varsoviaklimat.pl\/?p=1968"},"modified":"2025-03-05T10:36:50","modified_gmt":"2025-03-05T10:36:50","slug":"skrajne-zjawiska-pogodowe-w-latach-2001-2003","status":"publish","type":"post","link":"https:\/\/varsoviaklimat.pl\/?p=1968","title":{"rendered":"Skrajne zjawiska pogodowe w latach 2001-2003"},"content":{"rendered":"<p><u>Ekstremalne zjawiska w roku 2001<br \/>\n<\/u>31\/07: wezbranie opadowe Wis\u0142y (suma opadu w lipcu dwa razy wy\u017csza od normalnej) kiedy\u015b zwane \u201eJakub\u00f3wk\u0105\u201d (letnie wezbranie lub pow\u00f3d\u017a pod koniec lipca; nazwa od dnia \u015bw. Jakuba 25\/07). Max stan wody* \u2013 692 cm.<\/p>\n<p><u>Ekstremalne zjawiska w roku 2002<br \/>\n<\/u>05-06\/08: gwa\u0142towna burza z ulew\u0105; suma opadu za 48 h wynios\u0142a 102,6 mm (05\/08 spad\u0142o 69,6 mm, o 10 mm ponad ca\u0142omiesi\u0119czn\u0105 norm\u0119). Zalana wi\u0119kszo\u015b\u0107 piwnic w\u00a0przedszkolach, w\u00a0warsztatach, hotelach i\u00a0domach prywatnych lewobrze\u017cnej cz\u0119\u015bci Warszawy; tak\u017ce tunele pod Dworcem Zachodnim i\u00a0przy ul. D\u017awigowej we W\u0142ochach. Wcze\u015bniej by\u0142y te\u017c problemy z\u00a0przejazdem przez Al. Wilanowsk\u0105. (polska.lokalna.pl)<br \/>\n25, 27, 29\/01: ni\u017c \u201eJennifer\u201d; trzykrotne uderzenie wichury, zwi\u0105zane z wielocentrycznym uk\u0142adem nad Morzem P\u00f3\u0142nocnym\/Skandynawi\u0105; ciep\u0142o, intensywne deszcze; \u015brdpw odpowiednio 31,2-32,4-38,9 km\/h.<br \/>\n26-27\/02: \u201eAnna\u201d; ni\u017c znad Morza P\u00f3\u0142nocnego przesuwa si\u0119 nad po\u0142udniowy Ba\u0142tyk, przynosz\u0105c silne ocieplenie, obfite opady deszczu (18,2 mm w 48h), oraz silny wiatr zachodni (\u015brdpw 25,7 km\/h 27\/02).<br \/>\n28\/10: ni\u017c \u201eIrina-Jeanette\u201d, wichry (\u015brdpw 45,2 km\/h; max poryw 104,3 km\/h).<\/p>\n<p><u>Ekstremalne zjawiska w roku 2003<br \/>\n<\/u>18\/07: ulewa (opad 53,8 mm, czyli 73% normalnego dla ca\u0142ego miesi\u0105ca).<br \/>\n14-16\/11: g\u0119ste mg\u0142y. \u015arednia widzialno\u015b\u0107 z 24 termin\u00f3w obserwacji w trzech dniach:\u00a0 0,9-1,5-1,9 km; (\u015brednia 3-dniowa 1,4 km). 21-22\/12: ni\u017c \u201eJAN\u201d, silne wiatry; \u015brdpw 23,5-27,0 km\/h.<\/p>\n<p>VarsoviaKlimat.pl<\/p>\n<p>\u015ardpw \u2013 \u015brednia dobowa pr\u0119dko\u015b\u0107 wiatru.<br \/>\n*Wg obliczenia w\u0142asnego (orientacyjnie) dla stacji Bulwary; stan ostrzegawczy 600 cm, alarmowy 650 cm.<br \/>\n\u0179r\u00f3d\u0142a: portale internetowe, Wyborcza.pl, Ogimet.com, tutiempo.net, IMGW-PIB.<\/p>\n","protected":false},"excerpt":{"rendered":"<p>Ekstremalne zjawiska w roku 2001 31\/07: wezbranie opadowe Wis\u0142y (suma opadu w lipcu dwa razy wy\u017csza od normalnej) kiedy\u015b zwane \u201eJakub\u00f3wk\u0105\u201d (letnie wezbranie lub pow\u00f3d\u017a pod koniec lipca; nazwa od dnia \u015bw. Jakuba 25\/07). Max stan wody* \u2013 692 cm. Ekstremalne zjawiska w roku 2002 05-06\/08: gwa\u0142towna burza z ulew\u0105; suma opadu za 48 h [&hellip;]<\/p>\n","protected":false},"author":7,"featured_media":2199,"comment_status":"open","ping_status":"open","sticky":false,"template":"","format":"standard","meta":{"jetpack_post_was_ever_published":false,"footnotes":"","jetpack_publicize_message":"","jetpack_is_tweetstorm":false,"jetpack_publicize_feature_enabled":true},"categories":[29],"tags":[],"class_list":["post-1968","post","type-post","status-publish","format-standard","has-post-thumbnail","hentry","category-zjawiska-2001-2024"],"jetpack_publicize_connections":[],"yoast_head":"<!-- This site is optimized with the Yoast SEO plugin v19.10 - https:\/\/yoast.com\/wordpress\/plugins\/seo\/ -->\n<title>Skrajne zjawiska pogodowe w latach 2001-2003 - Klimatyczna Warszawa<\/title>\n<meta name=\"robots\" content=\"index, follow, max-snippet:-1, max-image-preview:large, max-video-preview:-1\" \/>\n<link rel=\"canonical\" href=\"https:\/\/varsoviaklimat.pl\/?p=1968\" \/>\n<meta property=\"og:locale\" content=\"pl_PL\" \/>\n<meta property=\"og:type\" content=\"article\" \/>\n<meta property=\"og:title\" content=\"Skrajne zjawiska pogodowe w latach 2001-2003 - Klimatyczna Warszawa\" \/>\n<meta property=\"og:description\" content=\"Ekstremalne zjawiska w roku 2001 31\/07: wezbranie opadowe Wis\u0142y (suma opadu w lipcu dwa razy wy\u017csza od normalnej) kiedy\u015b zwane \u201eJakub\u00f3wk\u0105\u201d (letnie wezbranie lub pow\u00f3d\u017a pod koniec lipca; nazwa od dnia \u015bw. Jakuba 25\/07). Max stan wody* \u2013 692 cm. Ekstremalne zjawiska w roku 2002 05-06\/08: gwa\u0142towna burza z ulew\u0105; suma opadu za 48 h [&hellip;]\" \/>\n<meta property=\"og:url\" content=\"https:\/\/varsoviaklimat.pl\/?p=1968\" \/>\n<meta property=\"og:site_name\" content=\"Klimatyczna Warszawa\" \/>\n<meta property=\"article:published_time\" content=\"2024-12-30T11:17:49+00:00\" \/>\n<meta property=\"article:modified_time\" content=\"2025-03-05T10:36:50+00:00\" \/>\n<meta property=\"og:image\" content=\"https:\/\/varsoviaklimat.pl\/wp-content\/uploads\/2025\/03\/2001-2003-tlo-1-xxl-scaled.webp\" \/>\n\t<meta property=\"og:image:width\" content=\"2560\" \/>\n\t<meta property=\"og:image:height\" content=\"1705\" \/>\n\t<meta property=\"og:image:type\" content=\"image\/webp\" \/>\n<meta name=\"author\" content=\"VarsoviaKlimat\" \/>\n<meta name=\"twitter:card\" content=\"summary_large_image\" \/>\n<meta name=\"twitter:label1\" content=\"Napisane przez\" \/>\n\t<meta name=\"twitter:data1\" content=\"VarsoviaKlimat\" \/>\n\t<meta name=\"twitter:label2\" content=\"Szacowany czas czytania\" \/>\n\t<meta name=\"twitter:data2\" content=\"2 minuty\" \/>\n<script type=\"application\/ld+json\" class=\"yoast-schema-graph\">{\"@context\":\"https:\/\/schema.org\",\"@graph\":[{\"@type\":\"WebPage\",\"@id\":\"https:\/\/varsoviaklimat.pl\/?p=1968\",\"url\":\"https:\/\/varsoviaklimat.pl\/?p=1968\",\"name\":\"Skrajne zjawiska pogodowe w latach 2001-2003 - Klimatyczna Warszawa\",\"isPartOf\":{\"@id\":\"https:\/\/varsoviaklimat.pl\/#website\"},\"datePublished\":\"2024-12-30T11:17:49+00:00\",\"dateModified\":\"2025-03-05T10:36:50+00:00\",\"author\":{\"@id\":\"https:\/\/varsoviaklimat.pl\/#\/schema\/person\/56fd0c093f8505924c86e53d8458b441\"},\"breadcrumb\":{\"@id\":\"https:\/\/varsoviaklimat.pl\/?p=1968#breadcrumb\"},\"inLanguage\":\"pl-PL\",\"potentialAction\":[{\"@type\":\"ReadAction\",\"target\":[\"https:\/\/varsoviaklimat.pl\/?p=1968\"]}]},{\"@type\":\"BreadcrumbList\",\"@id\":\"https:\/\/varsoviaklimat.pl\/?p=1968#breadcrumb\",\"itemListElement\":[{\"@type\":\"ListItem\",\"position\":1,\"name\":\"Strona g\u0142\u00f3wna\",\"item\":\"https:\/\/varsoviaklimat.pl\/\"},{\"@type\":\"ListItem\",\"position\":2,\"name\":\"Skrajne zjawiska pogodowe w latach 2001-2003\"}]},{\"@type\":\"WebSite\",\"@id\":\"https:\/\/varsoviaklimat.pl\/#website\",\"url\":\"https:\/\/varsoviaklimat.pl\/\",\"name\":\"Klimatyczna Warszawa\",\"description\":\"Kronika pogody warszawskiej\",\"potentialAction\":[{\"@type\":\"SearchAction\",\"target\":{\"@type\":\"EntryPoint\",\"urlTemplate\":\"https:\/\/varsoviaklimat.pl\/?s={search_term_string}\"},\"query-input\":\"required name=search_term_string\"}],\"inLanguage\":\"pl-PL\"},{\"@type\":\"Person\",\"@id\":\"https:\/\/varsoviaklimat.pl\/#\/schema\/person\/56fd0c093f8505924c86e53d8458b441\",\"name\":\"VarsoviaKlimat\",\"image\":{\"@type\":\"ImageObject\",\"inLanguage\":\"pl-PL\",\"@id\":\"https:\/\/varsoviaklimat.pl\/#\/schema\/person\/image\/\",\"url\":\"https:\/\/secure.gravatar.com\/avatar\/35f0ec221ba4211d1d66ac70107821ed98d562118f3ce9a6f5902e30de7d8776?s=96&d=mm&r=g\",\"contentUrl\":\"https:\/\/secure.gravatar.com\/avatar\/35f0ec221ba4211d1d66ac70107821ed98d562118f3ce9a6f5902e30de7d8776?s=96&d=mm&r=g\",\"caption\":\"VarsoviaKlimat\"},\"url\":\"https:\/\/varsoviaklimat.pl\/?author=7\"}]}<\/script>\n<!-- \/ Yoast SEO plugin. -->","yoast_head_json":{"title":"Skrajne zjawiska pogodowe w latach 2001-2003 - Klimatyczna Warszawa","robots":{"index":"index","follow":"follow","max-snippet":"max-snippet:-1","max-image-preview":"max-image-preview:large","max-video-preview":"max-video-preview:-1"},"canonical":"https:\/\/varsoviaklimat.pl\/?p=1968","og_locale":"pl_PL","og_type":"article","og_title":"Skrajne zjawiska pogodowe w latach 2001-2003 - Klimatyczna Warszawa","og_description":"Ekstremalne zjawiska w roku 2001 31\/07: wezbranie opadowe Wis\u0142y (suma opadu w lipcu dwa razy wy\u017csza od normalnej) kiedy\u015b zwane \u201eJakub\u00f3wk\u0105\u201d (letnie wezbranie lub pow\u00f3d\u017a pod koniec lipca; nazwa od dnia \u015bw. Jakuba 25\/07). Max stan wody* \u2013 692 cm. Ekstremalne zjawiska w roku 2002 05-06\/08: gwa\u0142towna burza z ulew\u0105; suma opadu za 48 h [&hellip;]","og_url":"https:\/\/varsoviaklimat.pl\/?p=1968","og_site_name":"Klimatyczna Warszawa","article_published_time":"2024-12-30T11:17:49+00:00","article_modified_time":"2025-03-05T10:36:50+00:00","og_image":[{"width":2560,"height":1705,"url":"https:\/\/varsoviaklimat.pl\/wp-content\/uploads\/2025\/03\/2001-2003-tlo-1-xxl-scaled.webp","type":"image\/webp"}],"author":"VarsoviaKlimat","twitter_card":"summary_large_image","twitter_misc":{"Napisane przez":"VarsoviaKlimat","Szacowany czas czytania":"2 minuty"},"schema":{"@context":"https:\/\/schema.org","@graph":[{"@type":"WebPage","@id":"https:\/\/varsoviaklimat.pl\/?p=1968","url":"https:\/\/varsoviaklimat.pl\/?p=1968","name":"Skrajne zjawiska pogodowe w latach 2001-2003 - Klimatyczna Warszawa","isPartOf":{"@id":"https:\/\/varsoviaklimat.pl\/#website"},"datePublished":"2024-12-30T11:17:49+00:00","dateModified":"2025-03-05T10:36:50+00:00","author":{"@id":"https:\/\/varsoviaklimat.pl\/#\/schema\/person\/56fd0c093f8505924c86e53d8458b441"},"breadcrumb":{"@id":"https:\/\/varsoviaklimat.pl\/?p=1968#breadcrumb"},"inLanguage":"pl-PL","potentialAction":[{"@type":"ReadAction","target":["https:\/\/varsoviaklimat.pl\/?p=1968"]}]},{"@type":"BreadcrumbList","@id":"https:\/\/varsoviaklimat.pl\/?p=1968#breadcrumb","itemListElement":[{"@type":"ListItem","position":1,"name":"Strona g\u0142\u00f3wna","item":"https:\/\/varsoviaklimat.pl\/"},{"@type":"ListItem","position":2,"name":"Skrajne zjawiska pogodowe w latach 2001-2003"}]},{"@type":"WebSite","@id":"https:\/\/varsoviaklimat.pl\/#website","url":"https:\/\/varsoviaklimat.pl\/","name":"Klimatyczna Warszawa","description":"Kronika pogody warszawskiej","potentialAction":[{"@type":"SearchAction","target":{"@type":"EntryPoint","urlTemplate":"https:\/\/varsoviaklimat.pl\/?s={search_term_string}"},"query-input":"required name=search_term_string"}],"inLanguage":"pl-PL"},{"@type":"Person","@id":"https:\/\/varsoviaklimat.pl\/#\/schema\/person\/56fd0c093f8505924c86e53d8458b441","name":"VarsoviaKlimat","image":{"@type":"ImageObject","inLanguage":"pl-PL","@id":"https:\/\/varsoviaklimat.pl\/#\/schema\/person\/image\/","url":"https:\/\/secure.gravatar.com\/avatar\/35f0ec221ba4211d1d66ac70107821ed98d562118f3ce9a6f5902e30de7d8776?s=96&d=mm&r=g","contentUrl":"https:\/\/secure.gravatar.com\/avatar\/35f0ec221ba4211d1d66ac70107821ed98d562118f3ce9a6f5902e30de7d8776?s=96&d=mm&r=g","caption":"VarsoviaKlimat"},"url":"https:\/\/varsoviaklimat.pl\/?author=7"}]}},"jetpack_featured_media_url":"https:\/\/varsoviaklimat.pl\/wp-content\/uploads\/2025\/03\/2001-2003-tlo-1-xxl-scaled.webp","_links":{"self":[{"href":"https:\/\/varsoviaklimat.pl\/index.php?rest_route=\/wp\/v2\/posts\/1968","targetHints":{"allow":["GET"]}}],"collection":[{"href":"https:\/\/varsoviaklimat.pl\/index.php?rest_route=\/wp\/v2\/posts"}],"about":[{"href":"https:\/\/varsoviaklimat.pl\/index.php?rest_route=\/wp\/v2\/types\/post"}],"author":[{"embeddable":true,"href":"https:\/\/varsoviaklimat.pl\/index.php?rest_route=\/wp\/v2\/users\/7"}],"replies":[{"embeddable":true,"href":"https:\/\/varsoviaklimat.pl\/index.php?rest_route=%2Fwp%2Fv2%2Fcomments&post=1968"}],"version-history":[{"count":2,"href":"https:\/\/varsoviaklimat.pl\/index.php?rest_route=\/wp\/v2\/posts\/1968\/revisions"}],"predecessor-version":[{"id":2012,"href":"https:\/\/varsoviaklimat.pl\/index.php?rest_route=\/wp\/v2\/posts\/1968\/revisions\/2012"}],"wp:featuredmedia":[{"embeddable":true,"href":"https:\/\/varsoviaklimat.pl\/index.php?rest_route=\/wp\/v2\/media\/2199"}],"wp:attachment":[{"href":"https:\/\/varsoviaklimat.pl\/index.php?rest_route=%2Fwp%2Fv2%2Fmedia&parent=1968"}],"wp:term":[{"taxonomy":"category","embeddable":true,"href":"https:\/\/varsoviaklimat.pl\/index.php?rest_route=%2Fwp%2Fv2%2Fcategories&post=1968"},{"taxonomy":"post_tag","embeddable":true,"href":"https:\/\/varsoviaklimat.pl\/index.php?rest_route=%2Fwp%2Fv2%2Ftags&post=1968"}],"curies":[{"name":"wp","href":"https:\/\/api.w.org\/{rel}","templated":true}]}}