{"id":2244,"date":"2025-04-16T07:50:59","date_gmt":"2025-04-16T07:50:59","guid":{"rendered":"https:\/\/varsoviaklimat.pl\/?p=2244"},"modified":"2025-04-16T07:50:59","modified_gmt":"2025-04-16T07:50:59","slug":"skrajne-zjawiska-pogodowe-w-latach-2007-2009","status":"publish","type":"post","link":"https:\/\/varsoviaklimat.pl\/?p=2244","title":{"rendered":"Skrajne zjawiska pogodowe w latach 2007-2009"},"content":{"rendered":"<p><u>Ekstremalne zjawiska pogodowe w roku 2007<br \/>\n<\/u>05\/08: niskostan Wis\u0142y (min 56 cm).<br \/>\n18-19\/01: orkan \u201eKYRILL\u201d (\u201eCYRYL\u201d); (\u015brdpw na stacji Ok\u0119cie 33,2 km\/h w dniu 18\/01 oraz 40,2 km\/h dnia nast\u0119pnego; najsilniejszy poryw 108,1 km\/h). Uk\u0142ad ten sia\u0142 spustoszenie, zw\u0142aszcza w zachodniej Europie (w Polsce najdotkliwiej na \u015al\u0105sku i w Wielkopolsce).<br \/>\n24-25\/01: spad\u0142y 22 cm \u015bniegu.<\/p>\n<p><u>Ekstremalne zjawiska pogodowe w roku 2008<br \/>\n<\/u><u>\u00a0<\/u>26-27\/01: ni\u017c \u201ePAULA\u201d (26\/01 \u015brdpw 42,2 km\/h, max poryw 111,7 km\/h).<br \/>\n22-23\/02: ni\u017c \u201eZIZI\u201d (23\/01 \u015brdpw 33,3 km\/h, max poryw 111,7 km\/h).<br \/>\n01-02\/03: ni\u017c \u201eEMMA\u201d; (02\/03 \u015brednie ci\u015bnienie 984,5 hPa, \u015brdprw 36,9 km\/h, max poryw 86,5 km\/h). Wichura nie spowodowa\u0142a w stolicy wi\u0119kszych strat; zg\u0142oszono tylko jedno wezwanie stra\u017cy po\u017carnej (do uszkodzonej linii telefonicznej w Ursusie), a tak\u017ce kilkana\u015bcie z\u0142amanych anten TV i uszkodzonych dach\u00f3w. Przedstawiciel stra\u017cy wyra\u017ca\u0142 zdziwienie \u017ce by\u0142o tylko jedno zg\u0142oszenie, skoro tydzie\u0144 wcze\u015bniej by\u0142o ich a\u017c 120, jednak to zrozumia\u0142e, skoro \u2013 zob. powy\u017cej \u2013 porywy wiatru by\u0142y wtedy znacznie silniejsze.<\/p>\n<p><u>Ekstremalne zjawiska pogodowe w roku 2009<br \/>\n<\/u>18\/03: wichura; (\u015br dobowa v\/wiatru 39,6 km\/h; max poryw 101,9 km\/h).<br \/>\n23\/07: burza wiatrowa (zwana \u201ederecho\u201d); dotar\u0142a do Warszawy ok. 22:30 (max poryw 86,5 km\/h).<br \/>\n13-14\/10: atak ni\u017cu genue\u0144skiego \u201eWIMAR\u201d. Charakterystyczna by\u0142a trasa jego w\u0119dr\u00f3wki pocz\u0105wszy od atlantyckiego \u017ar\u00f3d\u0142a. Jego centrum 12\/10 znalaz\u0142o si\u0119 nad Zatok\u0105 Genue\u0144sk\u0105 (gdzie uk\u0142ad zosta\u0142 zasilony du\u017c\u0105 porcj\u0105 wilgoci z ci\u0105gle ciep\u0142ych w\u00f3d \u015br\u00f3dziemnomorskich; 13-ego by\u0142 ju\u017c nad Serbi\u0105, dzie\u0144 p\u00f3\u017aniej nad zachodni\u0105 Ukrain\u0105, 15-ego nad Lubelszczyzn\u0105, 16-ego nad Podlasiem, i wreszcie 17-ego dokona\u0142 \u017cywota nad zachodnim Ba\u0142tykiem. Ni\u017c \u015bci\u0105gn\u0105\u0142 z p\u00f3\u0142nocy zimn\u0105 mas\u0119 powietrza: 14 pa\u017adziernika w trakcie niemal ca\u0142odziennej \u015bnie\u017cycy w Warszawie spad\u0142o 6 cm \u015bniegu. By\u0142a to pierwsza od 1973 roku pa\u017adziernikowa mierzalna pokrywa \u015bnie\u017cna na ziemi w stolicy.<br \/>\nKa\u017cdego roku gdy zaczyna si\u0119 pa\u017adziernik, to nieodmiennie s\u0142yszymy z ust medialnych prezenter\u00f3w pogody pe\u0142ne napi\u0119cia zapytanie: \u201eKiedy spadnie \u015bnieg?\u201d Gdy tylko zbli\u017cy si\u0119 pa\u017adziernikowe och\u0142odzenie, od razu zapowiadaj\u0105, \u017ce s\u0105 \u201eniewykluczone opady \u015bniegu i temperatury poni\u017cej zera\u201d; mo\u017cna by odnie\u015b\u0107 wra\u017cenie, \u017ce zimowa pogoda w pa\u017adzierniku jest w Warszawie czym\u015b najzupe\u0142niej typowym. Czy tak jest rzeczywi\u015bcie? Nie. W trakcie badania warszawskich anna\u0142\u00f3w pogodowych, uda\u0142o si\u0119 udowodni\u0107 obecno\u015b\u0107 pokrywy \u015bnie\u017cnej na ziemi (minimum 1 cm) tylko dla 20-tu pa\u017adziernik\u00f3w spo\u015br\u00f3d 199 sklasyfikowanych; innymi s\u0142owy, szansa na pojawienie si\u0119 takiej pokrywy wynosi 10%, czyli zdarza si\u0119 to przeci\u0119tnie raz na 10 lat. Najpowa\u017cniejsze pa\u017adziernikowe epizody zimy nast\u0105pi\u0142y w latach 1836, 1898, 1939, 1941.<\/p>\n<p>VarsoviaKlimat.pl<\/p>\n<p>Derecho: rozleg\u0142a i d\u0142ugotrwa\u0142a burza wiatrowa (ang. <em>windstorm<\/em>), kt\u00f3ra mo\u017ce si\u0119 rozci\u0105ga\u0107 na dystansie setek kilometr\u00f3w (wg Wikipedia.org).<br \/>\n\u015brdpw \u2013 \u015brednia dobowa pr\u0119dko\u015b\u0107 wiatru.<br \/>\nPoziomy wody wi\u015blanej \u2013 wg mojego obliczenia (dostosowane do stacji Bulwary).<br \/>\n\u0179r\u00f3d\u0142a: portale internetowe, Gazeta.pl, Ogimet.com, tutiempo.net, obserwacje w\u0142asne.<\/p>\n","protected":false},"excerpt":{"rendered":"<p>Ekstremalne zjawiska pogodowe w roku 2007 05\/08: niskostan Wis\u0142y (min 56 cm). 18-19\/01: orkan \u201eKYRILL\u201d (\u201eCYRYL\u201d); (\u015brdpw na stacji Ok\u0119cie 33,2 km\/h w dniu 18\/01 oraz 40,2 km\/h dnia nast\u0119pnego; najsilniejszy poryw 108,1 km\/h). Uk\u0142ad ten sia\u0142 spustoszenie, zw\u0142aszcza w zachodniej Europie (w Polsce najdotkliwiej na \u015al\u0105sku i w Wielkopolsce). 24-25\/01: spad\u0142y 22 cm \u015bniegu. [&hellip;]<\/p>\n","protected":false},"author":7,"featured_media":2221,"comment_status":"open","ping_status":"open","sticky":false,"template":"","format":"standard","meta":{"jetpack_post_was_ever_published":false,"footnotes":"","jetpack_publicize_message":"","jetpack_is_tweetstorm":false,"jetpack_publicize_feature_enabled":true},"categories":[29],"tags":[],"class_list":["post-2244","post","type-post","status-publish","format-standard","has-post-thumbnail","hentry","category-zjawiska-2001-2024"],"jetpack_publicize_connections":[],"yoast_head":"<!-- This site is optimized with the Yoast SEO plugin v19.10 - https:\/\/yoast.com\/wordpress\/plugins\/seo\/ -->\n<title>Skrajne zjawiska pogodowe w latach 2007-2009 - Klimatyczna Warszawa<\/title>\n<meta name=\"robots\" content=\"index, follow, max-snippet:-1, max-image-preview:large, max-video-preview:-1\" \/>\n<link rel=\"canonical\" href=\"https:\/\/varsoviaklimat.pl\/?p=2244\" \/>\n<meta property=\"og:locale\" content=\"pl_PL\" \/>\n<meta property=\"og:type\" content=\"article\" \/>\n<meta property=\"og:title\" content=\"Skrajne zjawiska pogodowe w latach 2007-2009 - Klimatyczna Warszawa\" \/>\n<meta property=\"og:description\" content=\"Ekstremalne zjawiska pogodowe w roku 2007 05\/08: niskostan Wis\u0142y (min 56 cm). 18-19\/01: orkan \u201eKYRILL\u201d (\u201eCYRYL\u201d); (\u015brdpw na stacji Ok\u0119cie 33,2 km\/h w dniu 18\/01 oraz 40,2 km\/h dnia nast\u0119pnego; najsilniejszy poryw 108,1 km\/h). Uk\u0142ad ten sia\u0142 spustoszenie, zw\u0142aszcza w zachodniej Europie (w Polsce najdotkliwiej na \u015al\u0105sku i w Wielkopolsce). 24-25\/01: spad\u0142y 22 cm \u015bniegu. [&hellip;]\" \/>\n<meta property=\"og:url\" content=\"https:\/\/varsoviaklimat.pl\/?p=2244\" \/>\n<meta property=\"og:site_name\" content=\"Klimatyczna Warszawa\" \/>\n<meta property=\"article:published_time\" content=\"2025-04-16T07:50:59+00:00\" \/>\n<meta property=\"og:image\" content=\"https:\/\/varsoviaklimat.pl\/wp-content\/uploads\/2025\/03\/2007-2009-tlo-1-xxl-scaled.webp\" \/>\n\t<meta property=\"og:image:width\" content=\"2560\" \/>\n\t<meta property=\"og:image:height\" content=\"1705\" \/>\n\t<meta property=\"og:image:type\" content=\"image\/webp\" \/>\n<meta name=\"author\" content=\"VarsoviaKlimat\" \/>\n<meta name=\"twitter:card\" content=\"summary_large_image\" \/>\n<meta name=\"twitter:label1\" content=\"Napisane przez\" \/>\n\t<meta name=\"twitter:data1\" content=\"VarsoviaKlimat\" \/>\n\t<meta name=\"twitter:label2\" content=\"Szacowany czas czytania\" \/>\n\t<meta name=\"twitter:data2\" content=\"3 minuty\" \/>\n<script type=\"application\/ld+json\" class=\"yoast-schema-graph\">{\"@context\":\"https:\/\/schema.org\",\"@graph\":[{\"@type\":\"WebPage\",\"@id\":\"https:\/\/varsoviaklimat.pl\/?p=2244\",\"url\":\"https:\/\/varsoviaklimat.pl\/?p=2244\",\"name\":\"Skrajne zjawiska pogodowe w latach 2007-2009 - Klimatyczna Warszawa\",\"isPartOf\":{\"@id\":\"https:\/\/varsoviaklimat.pl\/#website\"},\"datePublished\":\"2025-04-16T07:50:59+00:00\",\"dateModified\":\"2025-04-16T07:50:59+00:00\",\"author\":{\"@id\":\"https:\/\/varsoviaklimat.pl\/#\/schema\/person\/56fd0c093f8505924c86e53d8458b441\"},\"breadcrumb\":{\"@id\":\"https:\/\/varsoviaklimat.pl\/?p=2244#breadcrumb\"},\"inLanguage\":\"pl-PL\",\"potentialAction\":[{\"@type\":\"ReadAction\",\"target\":[\"https:\/\/varsoviaklimat.pl\/?p=2244\"]}]},{\"@type\":\"BreadcrumbList\",\"@id\":\"https:\/\/varsoviaklimat.pl\/?p=2244#breadcrumb\",\"itemListElement\":[{\"@type\":\"ListItem\",\"position\":1,\"name\":\"Strona g\u0142\u00f3wna\",\"item\":\"https:\/\/varsoviaklimat.pl\/\"},{\"@type\":\"ListItem\",\"position\":2,\"name\":\"Skrajne zjawiska pogodowe w latach 2007-2009\"}]},{\"@type\":\"WebSite\",\"@id\":\"https:\/\/varsoviaklimat.pl\/#website\",\"url\":\"https:\/\/varsoviaklimat.pl\/\",\"name\":\"Klimatyczna Warszawa\",\"description\":\"Kronika pogody warszawskiej\",\"potentialAction\":[{\"@type\":\"SearchAction\",\"target\":{\"@type\":\"EntryPoint\",\"urlTemplate\":\"https:\/\/varsoviaklimat.pl\/?s={search_term_string}\"},\"query-input\":\"required name=search_term_string\"}],\"inLanguage\":\"pl-PL\"},{\"@type\":\"Person\",\"@id\":\"https:\/\/varsoviaklimat.pl\/#\/schema\/person\/56fd0c093f8505924c86e53d8458b441\",\"name\":\"VarsoviaKlimat\",\"image\":{\"@type\":\"ImageObject\",\"inLanguage\":\"pl-PL\",\"@id\":\"https:\/\/varsoviaklimat.pl\/#\/schema\/person\/image\/\",\"url\":\"https:\/\/secure.gravatar.com\/avatar\/35f0ec221ba4211d1d66ac70107821ed98d562118f3ce9a6f5902e30de7d8776?s=96&d=mm&r=g\",\"contentUrl\":\"https:\/\/secure.gravatar.com\/avatar\/35f0ec221ba4211d1d66ac70107821ed98d562118f3ce9a6f5902e30de7d8776?s=96&d=mm&r=g\",\"caption\":\"VarsoviaKlimat\"},\"url\":\"https:\/\/varsoviaklimat.pl\/?author=7\"}]}<\/script>\n<!-- \/ Yoast SEO plugin. -->","yoast_head_json":{"title":"Skrajne zjawiska pogodowe w latach 2007-2009 - Klimatyczna Warszawa","robots":{"index":"index","follow":"follow","max-snippet":"max-snippet:-1","max-image-preview":"max-image-preview:large","max-video-preview":"max-video-preview:-1"},"canonical":"https:\/\/varsoviaklimat.pl\/?p=2244","og_locale":"pl_PL","og_type":"article","og_title":"Skrajne zjawiska pogodowe w latach 2007-2009 - Klimatyczna Warszawa","og_description":"Ekstremalne zjawiska pogodowe w roku 2007 05\/08: niskostan Wis\u0142y (min 56 cm). 18-19\/01: orkan \u201eKYRILL\u201d (\u201eCYRYL\u201d); (\u015brdpw na stacji Ok\u0119cie 33,2 km\/h w dniu 18\/01 oraz 40,2 km\/h dnia nast\u0119pnego; najsilniejszy poryw 108,1 km\/h). Uk\u0142ad ten sia\u0142 spustoszenie, zw\u0142aszcza w zachodniej Europie (w Polsce najdotkliwiej na \u015al\u0105sku i w Wielkopolsce). 24-25\/01: spad\u0142y 22 cm \u015bniegu. [&hellip;]","og_url":"https:\/\/varsoviaklimat.pl\/?p=2244","og_site_name":"Klimatyczna Warszawa","article_published_time":"2025-04-16T07:50:59+00:00","og_image":[{"width":2560,"height":1705,"url":"https:\/\/varsoviaklimat.pl\/wp-content\/uploads\/2025\/03\/2007-2009-tlo-1-xxl-scaled.webp","type":"image\/webp"}],"author":"VarsoviaKlimat","twitter_card":"summary_large_image","twitter_misc":{"Napisane przez":"VarsoviaKlimat","Szacowany czas czytania":"3 minuty"},"schema":{"@context":"https:\/\/schema.org","@graph":[{"@type":"WebPage","@id":"https:\/\/varsoviaklimat.pl\/?p=2244","url":"https:\/\/varsoviaklimat.pl\/?p=2244","name":"Skrajne zjawiska pogodowe w latach 2007-2009 - Klimatyczna Warszawa","isPartOf":{"@id":"https:\/\/varsoviaklimat.pl\/#website"},"datePublished":"2025-04-16T07:50:59+00:00","dateModified":"2025-04-16T07:50:59+00:00","author":{"@id":"https:\/\/varsoviaklimat.pl\/#\/schema\/person\/56fd0c093f8505924c86e53d8458b441"},"breadcrumb":{"@id":"https:\/\/varsoviaklimat.pl\/?p=2244#breadcrumb"},"inLanguage":"pl-PL","potentialAction":[{"@type":"ReadAction","target":["https:\/\/varsoviaklimat.pl\/?p=2244"]}]},{"@type":"BreadcrumbList","@id":"https:\/\/varsoviaklimat.pl\/?p=2244#breadcrumb","itemListElement":[{"@type":"ListItem","position":1,"name":"Strona g\u0142\u00f3wna","item":"https:\/\/varsoviaklimat.pl\/"},{"@type":"ListItem","position":2,"name":"Skrajne zjawiska pogodowe w latach 2007-2009"}]},{"@type":"WebSite","@id":"https:\/\/varsoviaklimat.pl\/#website","url":"https:\/\/varsoviaklimat.pl\/","name":"Klimatyczna Warszawa","description":"Kronika pogody warszawskiej","potentialAction":[{"@type":"SearchAction","target":{"@type":"EntryPoint","urlTemplate":"https:\/\/varsoviaklimat.pl\/?s={search_term_string}"},"query-input":"required name=search_term_string"}],"inLanguage":"pl-PL"},{"@type":"Person","@id":"https:\/\/varsoviaklimat.pl\/#\/schema\/person\/56fd0c093f8505924c86e53d8458b441","name":"VarsoviaKlimat","image":{"@type":"ImageObject","inLanguage":"pl-PL","@id":"https:\/\/varsoviaklimat.pl\/#\/schema\/person\/image\/","url":"https:\/\/secure.gravatar.com\/avatar\/35f0ec221ba4211d1d66ac70107821ed98d562118f3ce9a6f5902e30de7d8776?s=96&d=mm&r=g","contentUrl":"https:\/\/secure.gravatar.com\/avatar\/35f0ec221ba4211d1d66ac70107821ed98d562118f3ce9a6f5902e30de7d8776?s=96&d=mm&r=g","caption":"VarsoviaKlimat"},"url":"https:\/\/varsoviaklimat.pl\/?author=7"}]}},"jetpack_featured_media_url":"https:\/\/varsoviaklimat.pl\/wp-content\/uploads\/2025\/03\/2007-2009-tlo-1-xxl-scaled.webp","_links":{"self":[{"href":"https:\/\/varsoviaklimat.pl\/index.php?rest_route=\/wp\/v2\/posts\/2244","targetHints":{"allow":["GET"]}}],"collection":[{"href":"https:\/\/varsoviaklimat.pl\/index.php?rest_route=\/wp\/v2\/posts"}],"about":[{"href":"https:\/\/varsoviaklimat.pl\/index.php?rest_route=\/wp\/v2\/types\/post"}],"author":[{"embeddable":true,"href":"https:\/\/varsoviaklimat.pl\/index.php?rest_route=\/wp\/v2\/users\/7"}],"replies":[{"embeddable":true,"href":"https:\/\/varsoviaklimat.pl\/index.php?rest_route=%2Fwp%2Fv2%2Fcomments&post=2244"}],"version-history":[{"count":1,"href":"https:\/\/varsoviaklimat.pl\/index.php?rest_route=\/wp\/v2\/posts\/2244\/revisions"}],"predecessor-version":[{"id":2245,"href":"https:\/\/varsoviaklimat.pl\/index.php?rest_route=\/wp\/v2\/posts\/2244\/revisions\/2245"}],"wp:featuredmedia":[{"embeddable":true,"href":"https:\/\/varsoviaklimat.pl\/index.php?rest_route=\/wp\/v2\/media\/2221"}],"wp:attachment":[{"href":"https:\/\/varsoviaklimat.pl\/index.php?rest_route=%2Fwp%2Fv2%2Fmedia&parent=2244"}],"wp:term":[{"taxonomy":"category","embeddable":true,"href":"https:\/\/varsoviaklimat.pl\/index.php?rest_route=%2Fwp%2Fv2%2Fcategories&post=2244"},{"taxonomy":"post_tag","embeddable":true,"href":"https:\/\/varsoviaklimat.pl\/index.php?rest_route=%2Fwp%2Fv2%2Ftags&post=2244"}],"curies":[{"name":"wp","href":"https:\/\/api.w.org\/{rel}","templated":true}]}}