{"id":2263,"date":"2025-05-21T07:03:04","date_gmt":"2025-05-21T07:03:04","guid":{"rendered":"https:\/\/varsoviaklimat.pl\/?p=2263"},"modified":"2025-05-21T07:03:04","modified_gmt":"2025-05-21T07:03:04","slug":"skrajne-zjawiska-pogodowe-w-latach-2010-2012","status":"publish","type":"post","link":"https:\/\/varsoviaklimat.pl\/?p=2263","title":{"rendered":"Skrajne zjawiska pogodowe w latach 2010 &#8211; 2012"},"content":{"rendered":"<p><u>Ekstremalne zjawiska pogodowe w roku 2010 <\/u><\/p>\n<p>6-12 stycznia: \u015bnie\u017cyca z ni\u017cu \u201eDAISY\u201d: \u015bnieg zacz\u0105\u0142 pada\u0107 06\/01 oko\u0142o godziny 16:00, s\u0142abszy w nocy, g\u0119stszy od godziny 7:30 dnia nast\u0119pnego. Przerwa w godzinach 11:00 09\/01 &#8211; 14:00 10\/01 (m\u017cawka od popo\u0142udnia 9\/01 do poranka 10\/01). 10\/01: w godzinach 14:00-17:00 \u015bnieg intensywny, potem umiarkowany (17:00-22:00), wreszcie s\u0142aby (11\/01 w godzinach 22:00-7:00). 12\/01: lekki\/umiarkowany \u015bnieg w godzinach 8:00-10:30am. W tych dniach pokrywa \u015bniegu wzros\u0142a z 12 do 37 cm.<\/p>\n<p>11-15 lutego: \u015bnie\u017cyca \u201eQUEEN\u201d: pocz\u0105tek godz. 8:00 11\/01, opad umiarkowany\/lekki od godz. 8:30 11\/01 do 12:00 12\/01. 13\/01 przerwa; ponownie \u015bnieg pada\u0142 (umiarkowany do drobnego) 14\/02 w godzinach 3:00-24:00. 15\/02 bardzo lekki opad w godzinach 0:00-11:00. W tych dniach pokrywa \u015bniegu wzros\u0142a z 29 do 53 cm.<\/p>\n<p>22 maja: wielka pow\u00f3d\u017a kt\u00f3ra dotkn\u0119\u0142a g\u0142\u00f3wnie po\u0142udnie kraju, w szczeg\u00f3lno\u015bci rejon Sandomierza; spowodowana ulewnymi opadami (w Warszawie suma stanowi\u0142a ponad 200% normalnej); zanotowana na stacji Nadwilan\u00f3wka wysoko\u015b\u0107 wody jest rekordowo wysok\u0105 dla tego\u017c posterunku obserwacyjnego (947 cm, RH\/2010). Mimo to, stolica obroni\u0142a si\u0119 przed wylewem.<\/p>\n<p>2 czerwca: gwa\u0142towna burza z nawaln\u0105 ulew\u0105, trwaj\u0105c\u0105 tak\u017ce oko\u0142o godziny (g. 20:00-21:00); dotkn\u0119\u0142a g\u0142\u00f3wnie Prag\u0119 i \u017boliborz (druga tego dnia, wcze\u015bniej l\u017cejsza burza wyst\u0105pi\u0142a oko\u0142o godziny 17-tej).<\/p>\n<p><em>(TVN Warszawa) \u201eBurze nad Warszaw<\/em><em>\u0105<\/em><em>: setki interwencji stra<\/em><em>\u017c<\/em><em>ak<\/em><em>\u00f3<\/em><em>w.<\/em> <em>Zalane ulice, gara<\/em><em>\u017c<\/em><em>e i piwnice. Po<\/em><em>\u0142<\/em><em>amane drzewa. Powa<\/em><em>\u017c<\/em><em>ne utrudnienia na sto<\/em><em>\u0142<\/em><em>ecznych ulicach. To efekt nawa<\/em><em>\u0142<\/em><em>nicy, kt<\/em><em>\u00f3<\/em><em>ra przesz<\/em><em>\u0142<\/em><em>a w <\/em><em>\u015b<\/em><em>rod<\/em><em>\u0119<\/em><em> wieczorem [2 czerwca] nad Warszaw<\/em><em>\u0105<\/em><em>. (<\/em><em>\u2026<\/em><em>) <\/em><em>Najgorsza sytuacja by<\/em><em>\u0142<\/em><em>a w Weso<\/em><em>\u0142<\/em><em>ej (<\/em><em>\u2026<\/em><em>) i Starej Mi<\/em><em>\u0142<\/em><em>o<\/em><em>\u015b<\/em><em>nie, gdzie dosz<\/em><em>\u0142<\/em><em>o do wielu podtopie<\/em><em>\u0144<\/em><em>. Ale wezwania stra<\/em><em>\u017c<\/em><em>acy mieli z ca<\/em><em>\u0142<\/em><em>ego miasta. Stra<\/em><em>\u017c<\/em><em> Po<\/em><em>\u017c<\/em><em>arna przez ca<\/em><em>\u0142<\/em><em>\u0105<\/em><em> noc odnotowa<\/em><em>\u0142<\/em><em>a ponad 200 zg<\/em><em>\u0142<\/em><em>osze<\/em><em>\u0144<\/em><em>. Stra<\/em><em>\u017c<\/em><em>acy najcz<\/em><em>\u0119\u015b<\/em><em>ciej wypompowywali wod<\/em><em>\u0119<\/em><em> z zalanych dom<\/em><em>\u00f3<\/em><em>w, piwnicy czy gara<\/em><em>\u017c<\/em><em>y. Usuwali te<\/em><em>\u017c<\/em><em> po<\/em><em>\u0142<\/em><em>amane ga<\/em><em>\u0142<\/em><em>\u0119<\/em><em>zie drzew. (<\/em><em>\u2026<\/em><em>) Tak<\/em><em>\u017c<\/em><em>e stra<\/em><em>\u017c<\/em><em> miejska mia<\/em><em>\u0142<\/em><em>a pe<\/em><em>\u0142<\/em><em>ne r<\/em><em>\u0119<\/em><em>ce roboty. Targ<\/em><em>\u00f3<\/em><em>wek, Mokot<\/em><em>\u00f3<\/em><em>w, Praga <\/em><em>\u2013<\/em><em> tu mieli<\/em><em>\u015b<\/em><em>my interwencje <\/em><em>\u2013<\/em><em> wymienia<\/em><em>\u0142<\/em><em>a Monika Ni<\/em><em>\u017c<\/em><em>niak, rzecznik stra<\/em><em>\u017c<\/em><em>y miejskiej. (<\/em><em>\u2026<\/em><em>) Kierowcy musieli si<\/em><em>\u0119<\/em><em> liczy<\/em><em>\u0107<\/em><em> z utrudnieniami. (\u2026) R\u00f3wnie<\/em><em>\u017c<\/em><em> stra<\/em><em>\u017c<\/em><em>nicy miejscy poczuli skutki nawa<\/em><em>\u0142<\/em><em>nicy. Woda zala<\/em><em>\u0142<\/em><em>a siedzib<\/em><em>\u0119<\/em><em> SM [Sp\u00f3\u0142dzielni Mieszkaniowej] przy ul. Broniewskiego. Pod wod<\/em><em>\u0105<\/em><em> by<\/em><em>\u0142<\/em><em>o niemal ca<\/em><em>\u0142<\/em><em>e centrum handlowe M1 w Markach. (<\/em><em>\u2026<\/em><em>) G<\/em><em>\u0142<\/em><em>\u0119<\/em><em>boka woda na Wis<\/em><em>\u0142<\/em><em>ostradzie<\/em><em>: pod mostem Gda<\/em><em>\u0144<\/em><em>skim woda powa<\/em><em>\u017c<\/em><em>nie utrudnia<\/em><em>\u0142<\/em><em>a przejazd w obie strony. Kierowcy musieli si<\/em><em>\u0119<\/em><em> tak<\/em><em>\u017c<\/em><em>e liczy<\/em><em>\u0107<\/em><em> z utrudnieniami przy zje<\/em><em>\u017a<\/em><em>dzie w stron<\/em><em>\u0119<\/em><em> pl. Wilsona. Na wysoko<\/em><em>\u015b<\/em><em>ci Torwaru nie dzia<\/em><em>\u0142<\/em><em>a<\/em><em>\u0142<\/em><em>a sygnalizacja. Woda zala<\/em><em>\u0142<\/em><em>a r<\/em><em>\u00f3<\/em><em>wnie<\/em><em>\u017c<\/em><em> stacj<\/em><em>\u0119<\/em><em> benzynow<\/em><em>\u0105<\/em><em> przy ul. Fieldorfa. O podtopionych ulicach informowali nas r<\/em><em>\u00f3<\/em><em>wnie<\/em><em>\u017c<\/em><em> widzowie TVN Warszawa. Wed<\/em><em>\u0142<\/em><em>ug ich relacji zalane zosta<\/em><em>\u0142<\/em><em>y ulice Marywilska i Mickiewicza. (<\/em><em>\u2026<\/em><em>)<\/em><em>.<\/em><\/p>\n<p>Tego\u017c dnia (w \u015brod\u0119 2 czerwca) stacja na Ok\u0119ciu \u2013 tak\u017ce obj\u0119ta burz\u0105 &#8211; odnotowa\u0142a opad w wysoko\u015bci 15,8 mm, czyli znacznie mniejszy od ekstremalnego. Bez w\u0105tpienia suma opadu w opisywanych rejonach miasta by\u0142a kilkakrotnie wy\u017csza.<\/p>\n<p>3 czerwca (nast\u0119pnego dnia): ponownie uderzy\u0142a nawalna ulewa. Tym razem sro\u017cy\u0142a si\u0119 wieczorem nad po\u0142udniowymi rejonami miasta (g\u0142\u00f3wnie Ursynowem) oraz podwarszawskim Piasecznem; trwaj\u0105ca ca\u0142\u0105 godzin\u0119 zamiast typowych 20-30 minut, dos\u0142ownie podtapiaj\u0105ca te rejony. Najbardziej intensywny opad nad Ursynowem trwa\u0142 przez godzin\u0119, od 19:45 do 20:45; by\u0142a to dos\u0142ownie pionowo spadaj\u0105ca na ziemi\u0119 \u015bciana wody (czego by\u0142em \u015bwiadkiem). Wed\u0142ug niepotwierdzonych doniesie\u0144, suma opadu dobowego w tych okolicach przekroczy\u0142a 100 mm, co stanowi\u0142oby naonczas oficjalny historyczny rekord dla stolicy. Na warszawskim Ursynowie-Natolinie zalane zosta\u0142y ulice, piwnice, gara\u017ce podziemne, gdzie woda sta\u0142a na wysoko\u015bci do ok. 30 cm, praktycznie uniemo\u017cliwiaj\u0105c przejazd \u00a0(np. na ulicy Belgradzkiej); podobnie w Piasecznie, gdzie dodatkowo wyla\u0142a niewielka rzeczka Pere\u0142ka, zalewaj\u0105c osiedla i powoduj\u0105c powa\u017cne straty. Oberwanie chmury i tym razem omin\u0119\u0142o jednak Ok\u0119cie, gdzie stacja odnotowa\u0142a zaledwie 6 mm opadu.<\/p>\n<p>27 listopada \u2013 3 grudnia: pot\u0119\u017cny, wyj\u0105tkowo rozleg\u0142y ni\u017c genue\u0144ski \u201eGINEWRA\u201d i jego o\u015brodki wt\u00f3rne, w sumie 4 kolejne ni\u017ce \u015br\u00f3dziemnomorskie, ogarn\u0119\u0142y swym zasi\u0119giem niemal ca\u0142e Ba\u0142kany i Europ\u0119 \u015arodkowo-Wschodni\u0105. \u015anieg sypa\u0142 w tych dniach codziennie, pocz\u0105tkowo chwilami topnia\u0142; a\u017c do czasu, gdy 30 listopada-1 grudnia chwyci\u0142 silny mr\u00f3z (najni\u017csze minimum -17,7\u00b0C). W sumie spad\u0142o 39 cm \u015bniegu, najwy\u017csza pokrywa wynios\u0142a 33 cm. Fala zimnego powietrza obj\u0119\u0142a tak\u017ce Europ\u0119 zachodni\u0105 (np. w Londynie intensywnie pada\u0142 mokry \u015bnieg).<\/p>\n<p><u>Ekstremalne zjawiska pogodowe w roku 2011 <\/u><\/p>\n<p>LIPIEC: rekordowa suma opadu w Warszawie; i\u015bcie \u201emonsunowe\u201d 294,2 mm. Ustawiczne ulewy i burze by\u0142y w tym miesi\u0105cu autentycznym utrapieniem dla mieszka\u0144c\u00f3w stolicy.<br \/>\n1-6 lipca: deszcz ulewny pada\u0142 codziennie przez 6 dni; w tym czasie suma opadu wynios\u0142a 92,0 mm (06\/07 spad\u0142o 38,0 mm).<br \/>\n31 lipca: tego dnia spad\u0142o 75,6 mm w Warszawie, tym razem \u201eoficjalnie\u201d, gdy\u017c \u2013 przeciwnie do roku ubieg\u0142ego &#8211; ta ulewa skupiona na Ok\u0119ciu, w innych okolicach deszczu spad\u0142o mniej.<\/p>\n<p><u>Ekstremalne zjawiska pogodowe w roku 2012 <\/u><\/p>\n<p>17-19, 23 wrze\u015bnia: niskostany Wis\u0142y. Wodowskaz w Porcie Praskim wynosi 56 cm; Nadwilan\u00f3wka 139 cm [23\/09]. (Gazeta.pl 26\/09\/12; RH\/2012). Niski stan wody ujawni\u0142 spoczywaj\u0105ce na dnie liczne \u0142upy, zrabowane przez Szwed\u00f3w podczas \u201epotopu\u201d (w latach 1655-1656) i nast\u0119pnie stracone (wpadaj\u0105ce do wody) przy ich transporcie w g\u00f3r\u0119 rzeki (np. fragmenty rze\u017ab, element\u00f3w architektonicznych); cz\u0119\u015b\u0107 z nich wydobyto przy tej okazji.<\/p>\n<p>VarsoviaKlimat.pl<\/p>\n<p>\u0179r\u00f3d\u0142a: portale internetowe, Wyborcza.pl, Rocznik Hydrograficzny (RH), obserwacje w\u0142asne.<\/p>\n","protected":false},"excerpt":{"rendered":"<p>Ekstremalne zjawiska pogodowe w roku 2010 6-12 stycznia: \u015bnie\u017cyca z ni\u017cu \u201eDAISY\u201d: \u015bnieg zacz\u0105\u0142 pada\u0107 06\/01 oko\u0142o godziny 16:00, s\u0142abszy w nocy, g\u0119stszy od godziny 7:30 dnia nast\u0119pnego. Przerwa w godzinach 11:00 09\/01 &#8211; 14:00 10\/01 (m\u017cawka od popo\u0142udnia 9\/01 do poranka 10\/01). 10\/01: w godzinach 14:00-17:00 \u015bnieg intensywny, potem umiarkowany (17:00-22:00), wreszcie s\u0142aby (11\/01 [&hellip;]<\/p>\n","protected":false},"author":7,"featured_media":2222,"comment_status":"open","ping_status":"open","sticky":false,"template":"","format":"standard","meta":{"jetpack_post_was_ever_published":false,"footnotes":"","jetpack_publicize_message":"","jetpack_is_tweetstorm":false,"jetpack_publicize_feature_enabled":true},"categories":[29],"tags":[],"class_list":["post-2263","post","type-post","status-publish","format-standard","has-post-thumbnail","hentry","category-zjawiska-2001-2024"],"jetpack_publicize_connections":[],"yoast_head":"<!-- This site is optimized with the Yoast SEO plugin v19.10 - https:\/\/yoast.com\/wordpress\/plugins\/seo\/ -->\n<title>Skrajne zjawiska pogodowe w latach 2010 - 2012 - Klimatyczna Warszawa<\/title>\n<meta name=\"robots\" content=\"index, follow, max-snippet:-1, max-image-preview:large, max-video-preview:-1\" \/>\n<link rel=\"canonical\" href=\"https:\/\/varsoviaklimat.pl\/?p=2263\" \/>\n<meta property=\"og:locale\" content=\"pl_PL\" \/>\n<meta property=\"og:type\" content=\"article\" \/>\n<meta property=\"og:title\" content=\"Skrajne zjawiska pogodowe w latach 2010 - 2012 - Klimatyczna Warszawa\" \/>\n<meta property=\"og:description\" content=\"Ekstremalne zjawiska pogodowe w roku 2010 6-12 stycznia: \u015bnie\u017cyca z ni\u017cu \u201eDAISY\u201d: \u015bnieg zacz\u0105\u0142 pada\u0107 06\/01 oko\u0142o godziny 16:00, s\u0142abszy w nocy, g\u0119stszy od godziny 7:30 dnia nast\u0119pnego. Przerwa w godzinach 11:00 09\/01 &#8211; 14:00 10\/01 (m\u017cawka od popo\u0142udnia 9\/01 do poranka 10\/01). 10\/01: w godzinach 14:00-17:00 \u015bnieg intensywny, potem umiarkowany (17:00-22:00), wreszcie s\u0142aby (11\/01 [&hellip;]\" \/>\n<meta property=\"og:url\" content=\"https:\/\/varsoviaklimat.pl\/?p=2263\" \/>\n<meta property=\"og:site_name\" content=\"Klimatyczna Warszawa\" \/>\n<meta property=\"article:published_time\" content=\"2025-05-21T07:03:04+00:00\" \/>\n<meta property=\"og:image\" content=\"https:\/\/varsoviaklimat.pl\/wp-content\/uploads\/2025\/03\/2010-2012-tlo-1-xxl-scaled.webp\" \/>\n\t<meta property=\"og:image:width\" content=\"2560\" \/>\n\t<meta property=\"og:image:height\" content=\"1705\" \/>\n\t<meta property=\"og:image:type\" content=\"image\/webp\" \/>\n<meta name=\"author\" content=\"VarsoviaKlimat\" \/>\n<meta name=\"twitter:card\" content=\"summary_large_image\" \/>\n<meta name=\"twitter:label1\" content=\"Napisane przez\" \/>\n\t<meta name=\"twitter:data1\" content=\"VarsoviaKlimat\" \/>\n\t<meta name=\"twitter:label2\" content=\"Szacowany czas czytania\" \/>\n\t<meta name=\"twitter:data2\" content=\"6 minut\" \/>\n<script type=\"application\/ld+json\" class=\"yoast-schema-graph\">{\"@context\":\"https:\/\/schema.org\",\"@graph\":[{\"@type\":\"WebPage\",\"@id\":\"https:\/\/varsoviaklimat.pl\/?p=2263\",\"url\":\"https:\/\/varsoviaklimat.pl\/?p=2263\",\"name\":\"Skrajne zjawiska pogodowe w latach 2010 - 2012 - Klimatyczna Warszawa\",\"isPartOf\":{\"@id\":\"https:\/\/varsoviaklimat.pl\/#website\"},\"datePublished\":\"2025-05-21T07:03:04+00:00\",\"dateModified\":\"2025-05-21T07:03:04+00:00\",\"author\":{\"@id\":\"https:\/\/varsoviaklimat.pl\/#\/schema\/person\/56fd0c093f8505924c86e53d8458b441\"},\"breadcrumb\":{\"@id\":\"https:\/\/varsoviaklimat.pl\/?p=2263#breadcrumb\"},\"inLanguage\":\"pl-PL\",\"potentialAction\":[{\"@type\":\"ReadAction\",\"target\":[\"https:\/\/varsoviaklimat.pl\/?p=2263\"]}]},{\"@type\":\"BreadcrumbList\",\"@id\":\"https:\/\/varsoviaklimat.pl\/?p=2263#breadcrumb\",\"itemListElement\":[{\"@type\":\"ListItem\",\"position\":1,\"name\":\"Strona g\u0142\u00f3wna\",\"item\":\"https:\/\/varsoviaklimat.pl\/\"},{\"@type\":\"ListItem\",\"position\":2,\"name\":\"Skrajne zjawiska pogodowe w latach 2010 &#8211; 2012\"}]},{\"@type\":\"WebSite\",\"@id\":\"https:\/\/varsoviaklimat.pl\/#website\",\"url\":\"https:\/\/varsoviaklimat.pl\/\",\"name\":\"Klimatyczna Warszawa\",\"description\":\"Kronika pogody warszawskiej\",\"potentialAction\":[{\"@type\":\"SearchAction\",\"target\":{\"@type\":\"EntryPoint\",\"urlTemplate\":\"https:\/\/varsoviaklimat.pl\/?s={search_term_string}\"},\"query-input\":\"required name=search_term_string\"}],\"inLanguage\":\"pl-PL\"},{\"@type\":\"Person\",\"@id\":\"https:\/\/varsoviaklimat.pl\/#\/schema\/person\/56fd0c093f8505924c86e53d8458b441\",\"name\":\"VarsoviaKlimat\",\"image\":{\"@type\":\"ImageObject\",\"inLanguage\":\"pl-PL\",\"@id\":\"https:\/\/varsoviaklimat.pl\/#\/schema\/person\/image\/\",\"url\":\"https:\/\/secure.gravatar.com\/avatar\/35f0ec221ba4211d1d66ac70107821ed98d562118f3ce9a6f5902e30de7d8776?s=96&d=mm&r=g\",\"contentUrl\":\"https:\/\/secure.gravatar.com\/avatar\/35f0ec221ba4211d1d66ac70107821ed98d562118f3ce9a6f5902e30de7d8776?s=96&d=mm&r=g\",\"caption\":\"VarsoviaKlimat\"},\"url\":\"https:\/\/varsoviaklimat.pl\/?author=7\"}]}<\/script>\n<!-- \/ Yoast SEO plugin. -->","yoast_head_json":{"title":"Skrajne zjawiska pogodowe w latach 2010 - 2012 - Klimatyczna Warszawa","robots":{"index":"index","follow":"follow","max-snippet":"max-snippet:-1","max-image-preview":"max-image-preview:large","max-video-preview":"max-video-preview:-1"},"canonical":"https:\/\/varsoviaklimat.pl\/?p=2263","og_locale":"pl_PL","og_type":"article","og_title":"Skrajne zjawiska pogodowe w latach 2010 - 2012 - Klimatyczna Warszawa","og_description":"Ekstremalne zjawiska pogodowe w roku 2010 6-12 stycznia: \u015bnie\u017cyca z ni\u017cu \u201eDAISY\u201d: \u015bnieg zacz\u0105\u0142 pada\u0107 06\/01 oko\u0142o godziny 16:00, s\u0142abszy w nocy, g\u0119stszy od godziny 7:30 dnia nast\u0119pnego. Przerwa w godzinach 11:00 09\/01 &#8211; 14:00 10\/01 (m\u017cawka od popo\u0142udnia 9\/01 do poranka 10\/01). 10\/01: w godzinach 14:00-17:00 \u015bnieg intensywny, potem umiarkowany (17:00-22:00), wreszcie s\u0142aby (11\/01 [&hellip;]","og_url":"https:\/\/varsoviaklimat.pl\/?p=2263","og_site_name":"Klimatyczna Warszawa","article_published_time":"2025-05-21T07:03:04+00:00","og_image":[{"width":2560,"height":1705,"url":"https:\/\/varsoviaklimat.pl\/wp-content\/uploads\/2025\/03\/2010-2012-tlo-1-xxl-scaled.webp","type":"image\/webp"}],"author":"VarsoviaKlimat","twitter_card":"summary_large_image","twitter_misc":{"Napisane przez":"VarsoviaKlimat","Szacowany czas czytania":"6 minut"},"schema":{"@context":"https:\/\/schema.org","@graph":[{"@type":"WebPage","@id":"https:\/\/varsoviaklimat.pl\/?p=2263","url":"https:\/\/varsoviaklimat.pl\/?p=2263","name":"Skrajne zjawiska pogodowe w latach 2010 - 2012 - Klimatyczna Warszawa","isPartOf":{"@id":"https:\/\/varsoviaklimat.pl\/#website"},"datePublished":"2025-05-21T07:03:04+00:00","dateModified":"2025-05-21T07:03:04+00:00","author":{"@id":"https:\/\/varsoviaklimat.pl\/#\/schema\/person\/56fd0c093f8505924c86e53d8458b441"},"breadcrumb":{"@id":"https:\/\/varsoviaklimat.pl\/?p=2263#breadcrumb"},"inLanguage":"pl-PL","potentialAction":[{"@type":"ReadAction","target":["https:\/\/varsoviaklimat.pl\/?p=2263"]}]},{"@type":"BreadcrumbList","@id":"https:\/\/varsoviaklimat.pl\/?p=2263#breadcrumb","itemListElement":[{"@type":"ListItem","position":1,"name":"Strona g\u0142\u00f3wna","item":"https:\/\/varsoviaklimat.pl\/"},{"@type":"ListItem","position":2,"name":"Skrajne zjawiska pogodowe w latach 2010 &#8211; 2012"}]},{"@type":"WebSite","@id":"https:\/\/varsoviaklimat.pl\/#website","url":"https:\/\/varsoviaklimat.pl\/","name":"Klimatyczna Warszawa","description":"Kronika pogody warszawskiej","potentialAction":[{"@type":"SearchAction","target":{"@type":"EntryPoint","urlTemplate":"https:\/\/varsoviaklimat.pl\/?s={search_term_string}"},"query-input":"required name=search_term_string"}],"inLanguage":"pl-PL"},{"@type":"Person","@id":"https:\/\/varsoviaklimat.pl\/#\/schema\/person\/56fd0c093f8505924c86e53d8458b441","name":"VarsoviaKlimat","image":{"@type":"ImageObject","inLanguage":"pl-PL","@id":"https:\/\/varsoviaklimat.pl\/#\/schema\/person\/image\/","url":"https:\/\/secure.gravatar.com\/avatar\/35f0ec221ba4211d1d66ac70107821ed98d562118f3ce9a6f5902e30de7d8776?s=96&d=mm&r=g","contentUrl":"https:\/\/secure.gravatar.com\/avatar\/35f0ec221ba4211d1d66ac70107821ed98d562118f3ce9a6f5902e30de7d8776?s=96&d=mm&r=g","caption":"VarsoviaKlimat"},"url":"https:\/\/varsoviaklimat.pl\/?author=7"}]}},"jetpack_featured_media_url":"https:\/\/varsoviaklimat.pl\/wp-content\/uploads\/2025\/03\/2010-2012-tlo-1-xxl-scaled.webp","_links":{"self":[{"href":"https:\/\/varsoviaklimat.pl\/index.php?rest_route=\/wp\/v2\/posts\/2263","targetHints":{"allow":["GET"]}}],"collection":[{"href":"https:\/\/varsoviaklimat.pl\/index.php?rest_route=\/wp\/v2\/posts"}],"about":[{"href":"https:\/\/varsoviaklimat.pl\/index.php?rest_route=\/wp\/v2\/types\/post"}],"author":[{"embeddable":true,"href":"https:\/\/varsoviaklimat.pl\/index.php?rest_route=\/wp\/v2\/users\/7"}],"replies":[{"embeddable":true,"href":"https:\/\/varsoviaklimat.pl\/index.php?rest_route=%2Fwp%2Fv2%2Fcomments&post=2263"}],"version-history":[{"count":1,"href":"https:\/\/varsoviaklimat.pl\/index.php?rest_route=\/wp\/v2\/posts\/2263\/revisions"}],"predecessor-version":[{"id":2264,"href":"https:\/\/varsoviaklimat.pl\/index.php?rest_route=\/wp\/v2\/posts\/2263\/revisions\/2264"}],"wp:featuredmedia":[{"embeddable":true,"href":"https:\/\/varsoviaklimat.pl\/index.php?rest_route=\/wp\/v2\/media\/2222"}],"wp:attachment":[{"href":"https:\/\/varsoviaklimat.pl\/index.php?rest_route=%2Fwp%2Fv2%2Fmedia&parent=2263"}],"wp:term":[{"taxonomy":"category","embeddable":true,"href":"https:\/\/varsoviaklimat.pl\/index.php?rest_route=%2Fwp%2Fv2%2Fcategories&post=2263"},{"taxonomy":"post_tag","embeddable":true,"href":"https:\/\/varsoviaklimat.pl\/index.php?rest_route=%2Fwp%2Fv2%2Ftags&post=2263"}],"curies":[{"name":"wp","href":"https:\/\/api.w.org\/{rel}","templated":true}]}}