{"id":2287,"date":"2025-06-16T07:52:09","date_gmt":"2025-06-16T07:52:09","guid":{"rendered":"https:\/\/varsoviaklimat.pl\/?p=2287"},"modified":"2025-06-16T07:52:09","modified_gmt":"2025-06-16T07:52:09","slug":"skrajne-zjawiska-pogodowe-w-latach-2013-2015","status":"publish","type":"post","link":"https:\/\/varsoviaklimat.pl\/?p=2287","title":{"rendered":"Skrajne zjawiska pogodowe w latach 2013-2015"},"content":{"rendered":"<p><u>Ekstremalne zjawiska pogodowe w roku 2013 <\/u><\/p>\n<p>3-4 kwietnia: od po\u0142udniowego zachodu napiera kolejny (trzeci) <u>ni<\/u><u>\u017c<\/u><u> genue<\/u><u>\u0144<\/u><u>ski <\/u><u>\u201c<\/u><u>FERY<\/u><u>\u201d<\/u>. 03\/04 godz. 9-10 pada drobny \u015bnieg; 10-13 umiarkowany; 13-16 lekki; wi\u0119cej \u015bniegu spad\u0142o w nocy. 04\/04: rano s\u0142aby opad, w godzinach 11-12 \u015bnieg g\u0119sty, mokry; 12-13 lekki. O godzinie 23 pojawi\u0142 si\u0119 drobny deszcz. Spad\u0142o 7 cm \u015bniegu, podnosz\u0105c wysoko\u015b\u0107 pokrywy rano 4 kwietnia do 22 cm, <u>historycznie najwy<\/u><u>\u017c<\/u><u>szej w kwietniu<\/u>.<br \/>\n9 czerwca: ulewa, kt\u00f3ra dotkn\u0119\u0142a g\u0142\u00f3wnie p\u00f3\u0142nocne dzielnice miasta. Zalany \u017coliborski odcinek Trasy AK, kilkana\u015bcie pojazd\u00f3w zatopionych po dachy, ich kierowc\u00f3w stra\u017cacy musieli ewakuowa\u0107 na pontonach; (na Ok\u0119ciu opad wyni\u00f3s\u0142 niegro\u017ane 16,0 mm).<br \/>\n6 grudnia: wyj\u0105tkowo g\u0142\u0119boki uk\u0142ad ni\u017cowy \u2013 zwany te\u017c orkanem &#8211; nazwany \u201eXAVER\u201d (\u201eKSAWERY\u201d) przemieszczaj\u0105c si\u0119 nad Ba\u0142tykiem w kierunku wschodnim, spowodowa\u0142 tak\u017ce w Warszawie silny wiatr (max poryw 93,7 km\/h). Skutek: przerwy w kursowaniu kolejki WKD. Powalone drzewa, padaj\u0105c na napowietrzne linie przesy\u0142owe, spowodowa\u0142y przerwy w dostawach pr\u0105du w Rado\u015bci i Wawrze. Towarzysz\u0105ca wichurze \u015bnie\u017cyca ogranicza\u0142a chwilami widzialno\u015b\u0107 do 50 m, niemal parali\u017cuj\u0105c ruch pojazd\u00f3w. Odwo\u0142ano cz\u0119\u015b\u0107 lot\u00f3w na lotniskach Ok\u0119cie i Modlin. W nocy oko\u0142o godz. 3 z kamienicy przy ul. Dobrej 58 spad\u0142a tymczasowa nadbudowa drewniana, ods\u0142aniaj\u0105c remontowany dach; ulic\u0119 Dobr\u0105 na odcinku Zaj\u0119cza-Karowa zamkni\u0119to dla ruchu pojazd\u00f3w. Z budynku Teatru Rampa na Targ\u00f3wku odpad\u0142 fragment elewacji. A na budowie stacji metra \u201eRondo ONZ\u201d wicher przewr\u00f3ci\u0142\u2026 przeno\u015bn\u0105 kabin\u0119 toaletow\u0105 (tzw. Toi-Toi).<br \/>\n&#8222;<em>Ta anomalia pogodowa nie wykracza skal\u0105 poza nasze dotychczasowe do\u015bwiadczenia w tego typu sytuacjach. Oczywi\u015bcie towarzyszy temu \u015bnieg i burze, to s\u0105 dodatkowe trudno\u015bci, ale jak na razie skala tych zdarze\u0144 nie odbiega od tej przykrej i dramatycznej, ale jednak normy<\/em>&#8221; &#8211; powiedzia\u0142 premier Donald Tusk podczas konferencji w dniu wichury. (Gazeta.pl).<br \/>\nZ okazji tego wydarzenia pogodowego, w portalu Wirtualna Polska ukaza\u0142 si\u0119 10\/12\/2013 artyku\u0142 pt. \u201eKsawery? Bywa\u0142o znacznie gorzej\u2026\u201d, w kt\u00f3rym stwierdzono m.in.:<br \/>\n<em>\u201eCho<\/em><em>\u0107<\/em><em> orkan <\/em><em>\u00bb<\/em><em>Ksawery<\/em><em>\u00ab<\/em><em> poczyni<\/em><em>\u0142<\/em><em> w ostatnich dniach w Polsce spore spustoszenie, to jednak skutki jego wyst<\/em><em>\u0105<\/em><em>pienia nie okaza<\/em><em>\u0142<\/em><em>y si<\/em><em>\u0119<\/em><em> historycznie tragiczne. Bywa<\/em><em>\u0142<\/em><em>o bowiem znacznie gorzej. Wiatr w weekend otar<\/em><em>\u0142<\/em><em> si<\/em><em>\u0119<\/em><em> w Polsce o granice huraganu, do pe<\/em><em>\u0142<\/em><em>nego, literalnego prawa do przyznania <\/em><em>\u00bb<\/em><em>Ksaweremu<\/em><em>\u00ab<\/em><em> tego miana zabrak<\/em><em>\u0142<\/em><em>o w <\/em><em>\u0141<\/em><em>ebie zaledwie 3,5 km\/h. Daleko jednak w tym przypadku do rekordowych osi<\/em><em>\u0105<\/em><em>gni<\/em><em>\u0119\u0107<\/em><em>. Zrywane dachy, trakcje kolejowe, przerwy w dostawie medi<\/em><em>\u00f3<\/em><em>w &#8211; to w Polsce wbrew pozorom ca<\/em><em>\u0142<\/em><em>kiem cz<\/em><em>\u0119<\/em><em>ste skutki niebezpiecznego zjawiska jakim jest silny wiatr. Co wi<\/em><em>\u0119<\/em><em>cej i co gorsza, pojawia<\/em><em>\u0142<\/em><em>y si<\/em><em>\u0119<\/em><em> tak<\/em><em>\u017c<\/em><em>e ofiary <\/em><em>\u015b<\/em><em>miertelne. Orkany to tropikalne cyklony, kt<\/em><em>\u00f3<\/em><em>re po cz<\/em><em>\u0119<\/em><em>stokro<\/em><em>\u0107<\/em><em> powoduj<\/em><em>\u0105<\/em><em> spore zniszczenia. Jak wygl<\/em><em>\u0105<\/em><em>da<\/em><em>\u0142<\/em><em>y zatem najpowa<\/em><em>\u017c<\/em><em>niejsze wichury w Polsce? <strong>Kiedy<\/strong><\/em><strong><em>\u015b<\/em><\/strong><strong><em> nie by<\/em><\/strong><strong><em>\u0142<\/em><\/strong><strong><em>o ich wcale,<\/em><\/strong><em> ale w XXI wieku sta<\/em><em>\u0142<\/em><em>y si<\/em><em>\u0119<\/em><em> powtarzalnym elementem polskiego klimatu. Pojawiaj<\/em><em>\u0105<\/em><em> si<\/em><em>\u0119<\/em><em> g<\/em><em>\u0142<\/em><em>\u00f3<\/em><em>wnie w miesi<\/em><em>\u0105<\/em><em>cach zimowych, a kilka z nich spowodowa<\/em><em>\u0142<\/em><em>o naprawd<\/em><em>\u0119<\/em><em> powa<\/em><em>\u017c<\/em><em>ne zniszczenia<\/em><em>\u201d<\/em><em>.<br \/>\n<\/em>Po czym autor wymienia orkany Pia (2004), Britta (2006), Cyryl (2007), Paula, Zizi, Emma (wszystkie 2008), Xynthia (2010), Yoda, Joachim (2011) i Andrea (stycze\u0144 2012).\u00a0 Ciekawe, \u017ce pocz\u0105tek tej epoki orkan\u00f3w, kt\u00f3rych wg autora \u201ekiedy\u015b nie by\u0142o wcale\u201d, zbiega si\u0119 z pocz\u0105tkiem ery\u2026 Internetu. Nasuwa si\u0119 refleksja, \u017ce zwa\u017cywszy na popularno\u015b\u0107 opinii, jakoby niszczycielskie wiatry j\u0119\u0142y Polsk\u0119 nawiedza\u0107 dopiero w XXI wieku, najwyra\u017aniej dla du\u017cej (i rosn\u0105cej) liczby os\u00f3b to, co dzia\u0142o si\u0119 u nas w pogodzie przed rokiem \u2013 powiedzmy &#8211; 2000, w og\u00f3le nie mia\u0142o miejsca, skoro nie by\u0142o b\u0142yskawicznie i szeroko ukazywane, opisywane i nazywane \u201ew sieci\u201d.<\/p>\n<p><u>Ekstremalne zjawiska pogodowe w roku 2014 <\/u><\/p>\n<p>25-30 stycznia: Warszawa pomi\u0119dzy mro\u017anym wy\u017cem fi\u0144sko-rosyjskim \u201eBeniamin\u201d (nst. \u201eCan\u201d), a ni\u017cami \u201eJenna\u201d (po\u0142udnie) i \u201eLilli\u201d (zach\u00f3d); silne wiatry po\u0142udniowo-wschodnie, zamie\u0107 \u015bnie\u017cna, wzrost pokrywy \u015bniegu z 3 do 21 cm.<br \/>\n15-17 marca: dwa g\u0142\u0119bokie ni\u017ce (\u201eEV\u201d i \u201eFILIZ\u201d) atakuj\u0105 Warszaw\u0119 (\u015brdpw 31,7-22,6-33,0 km\/h; najsilniejszy poryw 93,7 km\/h dnia 15) z kierunku NW. Skutki: 143 zg\u0142oszenia do stra\u017cy po\u017carnej, 190 do stra\u017cy miejskiej; na ul. \u015aw. Barbary w \u015ar\u00f3dmie\u015bciu powalone drzewo przewr\u00f3ci\u0142o fragment starego ogrodzenia; przy ul. Che\u0142mskiej wiatr oderwa\u0142 styropianowe p\u0142yty z elewacji domu; uszkodzony mur przy ul. Wrzesi\u0144skiej na Pradze; uszkodzone sygnalizatory uliczne (tak\u017ce przez deszcz), co przyczyni\u0142o si\u0119 do \u015bmierci 63-letniego kierowcy skutkiem zderzenia z innym pojazdem na skrzy\u017cowaniu ulic Gr\u00f3jeckiej z Banacha na Ochocie.<br \/>\n20-21 maja: wezbranie opadowe Wis\u0142y, spowodowane ulewnymi deszczami w regionie karpackim (z ni\u017cu genue\u0144skiego \u201eYvette\u201d, sumy opad\u00f3w dochodzi\u0142y miejscami do ponad 200 mm za dwie doby, w Warszawie w dwa dni spad\u0142o 25 mm); najwy\u017cszy stan fali kulminacyjnej w stolicy odnotowano o godzinie 10:00 21-ego (wodomierz w Porcie Praskim wskaza\u0142 698 cm). Szcz\u0119\u015bliwie szkody w stolicy by\u0142y niewielkie (zalane pla\u017ce, a tak\u017ce teren budowy bulwar\u00f3w nadwi\u015bla\u0144skich po lewobrze\u017cnej stronie rzeki). Ten sam uk\u0142ad baryczny spowodowa\u0142 rekordowe opady i katastrofaln\u0105 pow\u00f3d\u017a w Serbii i Bo\u015bni (Pogodynka.pl).<br \/>\n26 maja: burza (opad na Ok\u0119ciu 25,0 mm). <em>\u201eBlisko dziesi<\/em><em>\u0119\u0107<\/em><em> samolot<\/em><em>\u00f3<\/em><em>w, kt<\/em><em>\u00f3<\/em><em>re mia<\/em><em>\u0142<\/em><em>y wczoraj <\/em>[26\/05]<em> l<\/em><em>\u0105<\/em><em>dowa<\/em><em>\u0107<\/em><em> na lotnisku Chopina, przekierowano do innych port<\/em><em>\u00f3<\/em><em>w. Cz<\/em><em>\u0119\u015b\u0107<\/em><em> z nich do Modlina, a reszt<\/em><em>\u0119<\/em><em> do <\/em><em>\u0141<\/em><em>odzi i Gda<\/em><em>\u0144<\/em><em>ska. Przyczyn<\/em><em>\u0105<\/em><em> by<\/em><em>\u0142<\/em><em>a gwa<\/em><em>\u0142<\/em><em>towna wiosenna burza, kt<\/em><em>\u00f3<\/em><em>ra przechodzi<\/em><em>\u0142<\/em><em>a nad Ok<\/em><em>\u0119<\/em><em>ciem. (<\/em><em>\u2026<\/em><em>) Wczoraj stra<\/em><em>\u017c<\/em><em> po<\/em><em>\u017c<\/em><em>arna nie odnotowa<\/em><em>\u0142<\/em><em>a zwi<\/em><em>\u0119<\/em><em>kszonej liczby wezwa<\/em><em>\u0144<\/em><em>. Wyst<\/em><em>\u0105<\/em><em>pi<\/em><em>\u0142<\/em><em>y lokalne podtopienia, najwi<\/em><em>\u0119<\/em><em>ksze na Trakcie Lubelskim w Wawrze<\/em><em>\u201d<\/em><em>. <\/em>(GazWyb\/121). (By\u0142y te\u017c zg\u0142oszenia o zalanych gara\u017cach prywatnych, a w okolicach G\u00f3ry Kalwarii i Konstancina-Jeziorny wyst\u0105pi\u0142y przerwy w dostawach pr\u0105du).<br \/>\n11 sierpnia: burza z pot\u0119\u017cn\u0105 ulew\u0105 w godzinach popo\u0142udniowych (kt\u00f3ra jednak omin\u0119\u0142a stacj\u0119 Ok\u0119cie, gdzie zarejestrowano tylko 4,4 mm opadu). Tego\u017c dnia &#8211; przy temperaturze 30\u00baC &#8211; powietrze by\u0142o bardzo parne (TPR-temperatura punktu rosy si\u0119gn\u0119\u0142a 21\u00baC). Zalana m.in. jezdnia Wis\u0142ostrady pod mostem Gda\u0144skim, ul. 11 Listopada i Aleja Solidarno\u015bci po stronie praskiej.<br \/>\n22-23 grudnia: niezwykle obfity jak na grudzie\u0144, chwilami ulewny deszcz trwa\u0142 dwie doby. Suma opadu za ten czas wynios\u0142a 45,9 mm, czyli prawie 140% ca\u0142omiesi\u0119cznej normy dla grudnia! Temperatura d\u0142ugo utrzymywa\u0142a si\u0119 na poziomie 10\u00b0C. W dwa dni spad\u0142o wi\u0119cej deszczu, ni\u017c przez ca\u0142\u0105 poprzedzaj\u0105c\u0105 jesie\u0144. Zalane m.in. torowisko przy ul. Filtrowej i jezdnia Wa\u0142u Miedzeszy\u0144skiego, skrzy\u017cowanie Kasprzaka z Alej\u0105 Prymasa 1000-Lecia (tradycyjnie zatapiane podczas ulew), prowizoryczne ulice na nowo budowanych osiedlach (samoch\u00f3d zapad\u0142 si\u0119 w b\u0142ocie np. na ul. Branickiego w Wilanowie). Utrudniona komunikacja tramwajowa w wielu miejscach.<\/p>\n<p><u>Ekstremalne zjawiska pogodowe w roku 2015 <\/u><\/p>\n<p>10-11 stycznia: wichura. Zerwane poszycie dachu S\u0105du Rejonowego dla W-wy Mokotowa w Al. Solidarno\u015bci. Sporo po\u0142amanych drzew, zniszczone trzy auta na ul. Marsza\u0142kowskiej, a tak\u017ce w Rembertowie i Ursusie. Zerwana tramwajowa sie\u0107 trakcyjna na M\u0142ocinach, na ul. Gr\u00f3jeckiej i Woronicza. Drzewa przewr\u00f3cone m.in. przy ul. Sejmikowej, Wolskiej, Elektrycznej, w Alei Armii Ludowej i ul. Iwickiej. Linie energetyczne uszkodzone w kilku miejscach.<br \/>\n20 lipca: kr\u00f3tka, jednak gwa\u0142towna burza ze szkwa\u0142em; w ci\u0105gu 30 minut spad\u0142o 14 mm deszczu; porywy wiatru (do 68,4 km\/h) powali\u0142y m.in. 11 drzew w parku Skaryszewskim, osiem obok Cytadeli, gruby kasztanowiec z\u0142amany w Ogrodzie Saskim. W regionie warszawskim uszkodzonych 280 dach\u00f3w, przez kr\u00f3tki czas ponad 200 tys. Odbiorc\u00f3w by\u0142o pozbawionych pr\u0105du.<br \/>\nLipiec\/sierpie\u0144\/wrzesie\u0144: niskostan Wis\u0142y, spowodowany nie tyle \u00a0fal\u0105 upa\u0142\u00f3w w sierpniu (jak twierdzi\u0142y niekt\u00f3re media), co istotnym deficytem opad\u00f3w w okresie wrzesie\u0144 2014 \u2013 sierpie\u0144 2015. 29 sierpnia wodowskaz w Porcie Praskim wskaza\u0142 42 cm, tyle samo 1\u20132 wrze\u015bnia. I znowu (jak w roku 2012) niska rzeka ods\u0142oni\u0142a liczne artefakty spoczywaj\u0105ce na dnie od dziesi\u0119cioleci, a nawet stuleci (ponownie wydobywano elementy i przedmioty rabowane przez Szwed\u00f3w podczas \u201epotopu\u201d).<br \/>\n8 grudnia: g\u0119sta mg\u0142a (\u015brednia widzialno\u015b\u0107 dobowa 0,7 km).<\/p>\n<p>VarsoviaKlimat.pl<\/p>\n<p>\u0179r\u00f3d\u0142a: portale internetowe, Gazeta.pl, Wyborcza.pl, Pogodynka.pl, obserwacje w\u0142asne.<\/p>\n","protected":false},"excerpt":{"rendered":"<p>Ekstremalne zjawiska pogodowe w roku 2013 3-4 kwietnia: od po\u0142udniowego zachodu napiera kolejny (trzeci) ni\u017c genue\u0144ski \u201cFERY\u201d. 03\/04 godz. 9-10 pada drobny \u015bnieg; 10-13 umiarkowany; 13-16 lekki; wi\u0119cej \u015bniegu spad\u0142o w nocy. 04\/04: rano s\u0142aby opad, w godzinach 11-12 \u015bnieg g\u0119sty, mokry; 12-13 lekki. O godzinie 23 pojawi\u0142 si\u0119 drobny deszcz. Spad\u0142o 7 cm \u015bniegu, [&hellip;]<\/p>\n","protected":false},"author":7,"featured_media":2265,"comment_status":"open","ping_status":"open","sticky":false,"template":"","format":"standard","meta":{"jetpack_post_was_ever_published":false,"footnotes":"","jetpack_publicize_message":"","jetpack_is_tweetstorm":false,"jetpack_publicize_feature_enabled":true},"categories":[29],"tags":[],"class_list":["post-2287","post","type-post","status-publish","format-standard","has-post-thumbnail","hentry","category-zjawiska-2001-2024"],"jetpack_publicize_connections":[],"yoast_head":"<!-- This site is optimized with the Yoast SEO plugin v19.10 - https:\/\/yoast.com\/wordpress\/plugins\/seo\/ -->\n<title>Skrajne zjawiska pogodowe w latach 2013-2015 - Klimatyczna Warszawa<\/title>\n<meta name=\"robots\" content=\"index, follow, max-snippet:-1, max-image-preview:large, max-video-preview:-1\" \/>\n<link rel=\"canonical\" href=\"https:\/\/varsoviaklimat.pl\/?p=2287\" \/>\n<meta property=\"og:locale\" content=\"pl_PL\" \/>\n<meta property=\"og:type\" content=\"article\" \/>\n<meta property=\"og:title\" content=\"Skrajne zjawiska pogodowe w latach 2013-2015 - Klimatyczna Warszawa\" \/>\n<meta property=\"og:description\" content=\"Ekstremalne zjawiska pogodowe w roku 2013 3-4 kwietnia: od po\u0142udniowego zachodu napiera kolejny (trzeci) ni\u017c genue\u0144ski \u201cFERY\u201d. 03\/04 godz. 9-10 pada drobny \u015bnieg; 10-13 umiarkowany; 13-16 lekki; wi\u0119cej \u015bniegu spad\u0142o w nocy. 04\/04: rano s\u0142aby opad, w godzinach 11-12 \u015bnieg g\u0119sty, mokry; 12-13 lekki. O godzinie 23 pojawi\u0142 si\u0119 drobny deszcz. Spad\u0142o 7 cm \u015bniegu, [&hellip;]\" \/>\n<meta property=\"og:url\" content=\"https:\/\/varsoviaklimat.pl\/?p=2287\" \/>\n<meta property=\"og:site_name\" content=\"Klimatyczna Warszawa\" \/>\n<meta property=\"article:published_time\" content=\"2025-06-16T07:52:09+00:00\" \/>\n<meta property=\"og:image\" content=\"https:\/\/varsoviaklimat.pl\/wp-content\/uploads\/2025\/05\/2013-2015-tlo-1-xxl-scaled.webp\" \/>\n\t<meta property=\"og:image:width\" content=\"2560\" \/>\n\t<meta property=\"og:image:height\" content=\"1705\" \/>\n\t<meta property=\"og:image:type\" content=\"image\/webp\" \/>\n<meta name=\"author\" content=\"VarsoviaKlimat\" \/>\n<meta name=\"twitter:card\" content=\"summary_large_image\" \/>\n<meta name=\"twitter:label1\" content=\"Napisane przez\" \/>\n\t<meta name=\"twitter:data1\" content=\"VarsoviaKlimat\" \/>\n\t<meta name=\"twitter:label2\" content=\"Szacowany czas czytania\" \/>\n\t<meta name=\"twitter:data2\" content=\"8 minut\" \/>\n<script type=\"application\/ld+json\" class=\"yoast-schema-graph\">{\"@context\":\"https:\/\/schema.org\",\"@graph\":[{\"@type\":\"WebPage\",\"@id\":\"https:\/\/varsoviaklimat.pl\/?p=2287\",\"url\":\"https:\/\/varsoviaklimat.pl\/?p=2287\",\"name\":\"Skrajne zjawiska pogodowe w latach 2013-2015 - Klimatyczna Warszawa\",\"isPartOf\":{\"@id\":\"https:\/\/varsoviaklimat.pl\/#website\"},\"datePublished\":\"2025-06-16T07:52:09+00:00\",\"dateModified\":\"2025-06-16T07:52:09+00:00\",\"author\":{\"@id\":\"https:\/\/varsoviaklimat.pl\/#\/schema\/person\/56fd0c093f8505924c86e53d8458b441\"},\"breadcrumb\":{\"@id\":\"https:\/\/varsoviaklimat.pl\/?p=2287#breadcrumb\"},\"inLanguage\":\"pl-PL\",\"potentialAction\":[{\"@type\":\"ReadAction\",\"target\":[\"https:\/\/varsoviaklimat.pl\/?p=2287\"]}]},{\"@type\":\"BreadcrumbList\",\"@id\":\"https:\/\/varsoviaklimat.pl\/?p=2287#breadcrumb\",\"itemListElement\":[{\"@type\":\"ListItem\",\"position\":1,\"name\":\"Strona g\u0142\u00f3wna\",\"item\":\"https:\/\/varsoviaklimat.pl\/\"},{\"@type\":\"ListItem\",\"position\":2,\"name\":\"Skrajne zjawiska pogodowe w latach 2013-2015\"}]},{\"@type\":\"WebSite\",\"@id\":\"https:\/\/varsoviaklimat.pl\/#website\",\"url\":\"https:\/\/varsoviaklimat.pl\/\",\"name\":\"Klimatyczna Warszawa\",\"description\":\"Kronika pogody warszawskiej\",\"potentialAction\":[{\"@type\":\"SearchAction\",\"target\":{\"@type\":\"EntryPoint\",\"urlTemplate\":\"https:\/\/varsoviaklimat.pl\/?s={search_term_string}\"},\"query-input\":\"required name=search_term_string\"}],\"inLanguage\":\"pl-PL\"},{\"@type\":\"Person\",\"@id\":\"https:\/\/varsoviaklimat.pl\/#\/schema\/person\/56fd0c093f8505924c86e53d8458b441\",\"name\":\"VarsoviaKlimat\",\"image\":{\"@type\":\"ImageObject\",\"inLanguage\":\"pl-PL\",\"@id\":\"https:\/\/varsoviaklimat.pl\/#\/schema\/person\/image\/\",\"url\":\"https:\/\/secure.gravatar.com\/avatar\/35f0ec221ba4211d1d66ac70107821ed98d562118f3ce9a6f5902e30de7d8776?s=96&d=mm&r=g\",\"contentUrl\":\"https:\/\/secure.gravatar.com\/avatar\/35f0ec221ba4211d1d66ac70107821ed98d562118f3ce9a6f5902e30de7d8776?s=96&d=mm&r=g\",\"caption\":\"VarsoviaKlimat\"},\"url\":\"https:\/\/varsoviaklimat.pl\/?author=7\"}]}<\/script>\n<!-- \/ Yoast SEO plugin. -->","yoast_head_json":{"title":"Skrajne zjawiska pogodowe w latach 2013-2015 - Klimatyczna Warszawa","robots":{"index":"index","follow":"follow","max-snippet":"max-snippet:-1","max-image-preview":"max-image-preview:large","max-video-preview":"max-video-preview:-1"},"canonical":"https:\/\/varsoviaklimat.pl\/?p=2287","og_locale":"pl_PL","og_type":"article","og_title":"Skrajne zjawiska pogodowe w latach 2013-2015 - Klimatyczna Warszawa","og_description":"Ekstremalne zjawiska pogodowe w roku 2013 3-4 kwietnia: od po\u0142udniowego zachodu napiera kolejny (trzeci) ni\u017c genue\u0144ski \u201cFERY\u201d. 03\/04 godz. 9-10 pada drobny \u015bnieg; 10-13 umiarkowany; 13-16 lekki; wi\u0119cej \u015bniegu spad\u0142o w nocy. 04\/04: rano s\u0142aby opad, w godzinach 11-12 \u015bnieg g\u0119sty, mokry; 12-13 lekki. O godzinie 23 pojawi\u0142 si\u0119 drobny deszcz. Spad\u0142o 7 cm \u015bniegu, [&hellip;]","og_url":"https:\/\/varsoviaklimat.pl\/?p=2287","og_site_name":"Klimatyczna Warszawa","article_published_time":"2025-06-16T07:52:09+00:00","og_image":[{"width":2560,"height":1705,"url":"https:\/\/varsoviaklimat.pl\/wp-content\/uploads\/2025\/05\/2013-2015-tlo-1-xxl-scaled.webp","type":"image\/webp"}],"author":"VarsoviaKlimat","twitter_card":"summary_large_image","twitter_misc":{"Napisane przez":"VarsoviaKlimat","Szacowany czas czytania":"8 minut"},"schema":{"@context":"https:\/\/schema.org","@graph":[{"@type":"WebPage","@id":"https:\/\/varsoviaklimat.pl\/?p=2287","url":"https:\/\/varsoviaklimat.pl\/?p=2287","name":"Skrajne zjawiska pogodowe w latach 2013-2015 - Klimatyczna Warszawa","isPartOf":{"@id":"https:\/\/varsoviaklimat.pl\/#website"},"datePublished":"2025-06-16T07:52:09+00:00","dateModified":"2025-06-16T07:52:09+00:00","author":{"@id":"https:\/\/varsoviaklimat.pl\/#\/schema\/person\/56fd0c093f8505924c86e53d8458b441"},"breadcrumb":{"@id":"https:\/\/varsoviaklimat.pl\/?p=2287#breadcrumb"},"inLanguage":"pl-PL","potentialAction":[{"@type":"ReadAction","target":["https:\/\/varsoviaklimat.pl\/?p=2287"]}]},{"@type":"BreadcrumbList","@id":"https:\/\/varsoviaklimat.pl\/?p=2287#breadcrumb","itemListElement":[{"@type":"ListItem","position":1,"name":"Strona g\u0142\u00f3wna","item":"https:\/\/varsoviaklimat.pl\/"},{"@type":"ListItem","position":2,"name":"Skrajne zjawiska pogodowe w latach 2013-2015"}]},{"@type":"WebSite","@id":"https:\/\/varsoviaklimat.pl\/#website","url":"https:\/\/varsoviaklimat.pl\/","name":"Klimatyczna Warszawa","description":"Kronika pogody warszawskiej","potentialAction":[{"@type":"SearchAction","target":{"@type":"EntryPoint","urlTemplate":"https:\/\/varsoviaklimat.pl\/?s={search_term_string}"},"query-input":"required name=search_term_string"}],"inLanguage":"pl-PL"},{"@type":"Person","@id":"https:\/\/varsoviaklimat.pl\/#\/schema\/person\/56fd0c093f8505924c86e53d8458b441","name":"VarsoviaKlimat","image":{"@type":"ImageObject","inLanguage":"pl-PL","@id":"https:\/\/varsoviaklimat.pl\/#\/schema\/person\/image\/","url":"https:\/\/secure.gravatar.com\/avatar\/35f0ec221ba4211d1d66ac70107821ed98d562118f3ce9a6f5902e30de7d8776?s=96&d=mm&r=g","contentUrl":"https:\/\/secure.gravatar.com\/avatar\/35f0ec221ba4211d1d66ac70107821ed98d562118f3ce9a6f5902e30de7d8776?s=96&d=mm&r=g","caption":"VarsoviaKlimat"},"url":"https:\/\/varsoviaklimat.pl\/?author=7"}]}},"jetpack_featured_media_url":"https:\/\/varsoviaklimat.pl\/wp-content\/uploads\/2025\/05\/2013-2015-tlo-1-xxl-scaled.webp","_links":{"self":[{"href":"https:\/\/varsoviaklimat.pl\/index.php?rest_route=\/wp\/v2\/posts\/2287","targetHints":{"allow":["GET"]}}],"collection":[{"href":"https:\/\/varsoviaklimat.pl\/index.php?rest_route=\/wp\/v2\/posts"}],"about":[{"href":"https:\/\/varsoviaklimat.pl\/index.php?rest_route=\/wp\/v2\/types\/post"}],"author":[{"embeddable":true,"href":"https:\/\/varsoviaklimat.pl\/index.php?rest_route=\/wp\/v2\/users\/7"}],"replies":[{"embeddable":true,"href":"https:\/\/varsoviaklimat.pl\/index.php?rest_route=%2Fwp%2Fv2%2Fcomments&post=2287"}],"version-history":[{"count":1,"href":"https:\/\/varsoviaklimat.pl\/index.php?rest_route=\/wp\/v2\/posts\/2287\/revisions"}],"predecessor-version":[{"id":2288,"href":"https:\/\/varsoviaklimat.pl\/index.php?rest_route=\/wp\/v2\/posts\/2287\/revisions\/2288"}],"wp:featuredmedia":[{"embeddable":true,"href":"https:\/\/varsoviaklimat.pl\/index.php?rest_route=\/wp\/v2\/media\/2265"}],"wp:attachment":[{"href":"https:\/\/varsoviaklimat.pl\/index.php?rest_route=%2Fwp%2Fv2%2Fmedia&parent=2287"}],"wp:term":[{"taxonomy":"category","embeddable":true,"href":"https:\/\/varsoviaklimat.pl\/index.php?rest_route=%2Fwp%2Fv2%2Fcategories&post=2287"},{"taxonomy":"post_tag","embeddable":true,"href":"https:\/\/varsoviaklimat.pl\/index.php?rest_route=%2Fwp%2Fv2%2Ftags&post=2287"}],"curies":[{"name":"wp","href":"https:\/\/api.w.org\/{rel}","templated":true}]}}