{"id":2346,"date":"2025-07-11T08:45:03","date_gmt":"2025-07-11T08:45:03","guid":{"rendered":"https:\/\/varsoviaklimat.pl\/?p=2346"},"modified":"2025-07-11T08:45:03","modified_gmt":"2025-07-11T08:45:03","slug":"skrajne-zjawiska-pogodowe-w-latach-2016-2018","status":"publish","type":"post","link":"https:\/\/varsoviaklimat.pl\/?p=2346","title":{"rendered":"Skrajne zjawiska pogodowe w latach 2016-2018"},"content":{"rendered":"<p><strong>Skrajne zjawiska pogodowe w latach 2016-2018<\/strong><\/p>\n<p><u>Ekstremalne zjawiska pogodowe w roku 2016<br \/>\n<\/u><\/p>\n<p>17 czerwca: Oko\u0142o godziny 13 przesz\u0142a nad Warszaw\u0105 burza z gwa\u0142townym wiatrem; donoszono nawet o 40 mm opadu, jednak stacja Ok\u0119cie odnotowa\u0142a tylko 4 mm; do godziny 14 stra\u017c miejska otrzyma\u0142a 109 zg\u0142osze\u0144 o po\u0142amanych konarach i ga\u0142\u0119ziach, przewr\u00f3conych tak\u017ce pewna liczba drzew, g\u0142\u00f3wnie starych, spr\u00f3chnia\u0142ych w \u015brodku top\u00f3l (masowo sadzonych w mie\u015bcie po wojnie bo szybko ros\u0142y, s\u0105 to jednak drzewa s\u0142abe i kr\u00f3tkowieczne). Drzewo cz\u0119\u015bciowo zatarasowa\u0142o Wis\u0142ostrad\u0119 przy mo\u015bcie \u015brednicowym i ruch tramwajowy na ulicy Jagiello\u0144skiej (konar uszkodzi\u0142 te\u017c trakcj\u0119 przy Ogrodzie Saskim), samochody uszkodzone przez spadaj\u0105ce konary m. in. na Grochowie, Powi\u015blu.<\/p>\n<p>26 czerwca: burza z deszczem trwa\u0142a od ok. godziny 15:30 do 16:45, przez ok. 15 minut opad mia\u0142 charakter nawalny; tym razem lotnisko Ok\u0119cie go nie unikn\u0119\u0142o, w kr\u00f3tkim czasie spad\u0142y tam 22 mm deszczu, kt\u00f3ry spowodowa\u0142 zalanie cz\u0119\u015bci terminalu, powoduj\u0105c zak\u0142\u00f3cenia w pracy lotniska. Zwalone drzewa uszkadza\u0142y trakcje tramwajowe m. in. na ul. Pu\u0142awskiej, Al. Solidarno\u015bci i Al. Waszyngtona; konary spada\u0142y w okolicy ul. Ody\u0144ca (tradycyjnie nara\u017conej na tego typu zagro\u017cenie). By\u0142y te\u017c zalane piwnice, np. na ul. Gwia\u017adzistej (Marymont).<\/p>\n<p>12-13 lipca: Po wyj\u0105tkowo parnym dniu, deszcz pada\u0142 intensywnie przez wi\u0119kszo\u015b\u0107 nocy (suma opadu na stacji Ok\u0119cie 35,4 mm). Cz\u0119\u015bciowo zalana stacja metra Stok\u0142osy, tradycyjnie ju\u017c fragment Alei Wilanowskiej; najwi\u0119cej interwencji stra\u017cackich na Ursynowie, w Rembertowie i Wawrze. W godzinach 4:30 do 8 rano otrzymano 150 zg\u0142osze\u0144 w sprawie zalanych ulic i piwnic. (Wyborcza.pl, obserwacje w\u0142asne).<\/p>\n<p>4 wrze\u015bnia: Po znacznym ociepleniu, od zachodu nasun\u0105\u0142 si\u0119 ch\u0142odny front atmosferyczny, kt\u00f3ry spowodowa\u0142 gwa\u0142town\u0105 burz\u0119 oko\u0142o godziny 20:45, z siln\u0105 ulew\u0105 \u2013 na stacji Ok\u0119cie odnotowano 8,3 mm opadu tego dnia, z czego wi\u0119kszo\u015b\u0107 spad\u0142a w ci\u0105gu ca 15 minut. Woda spowodowa\u0142a op\u00f3\u017anienia w kursowaniu szybkiej kolei miejskiej SKM w okolicy stacji Wawer, awarie wind na stacjach metra Nowy \u015awiat-Uniwersytet, Rac\u0142awicka, \u015awi\u0119tokrzyska, Plac Wilsona i Rondo ONZ, zak\u0142\u00f3cenie ruchu tramwajowego np. w ci\u0105gu Alei Niepodleg\u0142o\u015bci \u2013 Jana Paw\u0142a II; w kilku miejscach przewr\u00f3cone drzewa zatarasowa\u0142y ruch, np. na ulicy Ludnej (Wyborcza.pl, obserwacje w\u0142asne).<\/p>\n<p>25-27 grudnia: wed\u0142ug zapowiedzi medialnych, ni\u017c \u201eBarbara\u201d mia\u0142 by\u0107 bardzo niszczycielskim orkanem. Jednak w Warszawie najwy\u017csza \u015brdpw osi\u0105gn\u0119\u0142a 30,0 km\/h, a porywy niewiele przekracza\u0142y 70 km\/h; nie by\u0142o doniesie\u0144 o nadzwyczajnych stratach spowodowanych wiatrem.<\/p>\n<p><u>Ekstremalne zjawiska pogodowe w roku 2017 <\/u><\/p>\n<p>12 czerwca: Burza wiatrowo-py\u0142owa. Po gor\u0105cym, wilgotnym dniu, po po\u0142udniu nast\u0105pi\u0142 rozw\u00f3j chmur typu Cumulonimbus od strony zachodniej. Oko\u0142o godziny 16:20 zerwa\u0142 si\u0119 gwa\u0142towny wiatr o charakterze szkwa\u0142owym, a od strony WNW \u2013 przez osiedla Jelonki i Bemowo nad Warszaw\u0119 nadci\u0105gn\u0119\u0142a \u201e\u015bciana\u201d py\u0142u z drobnej, wysuszonej gleby podniesionej przez wicher; jej tuman si\u0119ga\u0142 w g\u00f3r\u0119 na wysoko\u015b\u0107 oko\u0142o 30 metr\u00f3w. (Po jej przej\u015bciu nast\u0105pi\u0142a kilkuminutowa ulewa; wicher po\u0142ama\u0142 drzewa w mie\u015bcie, np. przy ulicy Filtrowej).<\/p>\n<p>28 czerwca: ulewny deszcz pada\u0142 od godziny 3 w nocy do 9 rano, nast\u0119pnie ponownie burza z ulew\u0105 oko\u0142o 18, i znowu 19-21; nast\u0119pnego dnia nawa\u0142nica z wichrem w godzinach 12:30-13; w dwie doby spad\u0142o w sumie 58,6 mm deszczu.<\/p>\n<p><em>Ponad tysi\u0105c mieszka\u0144 na warszawskiej Pradze-Po\u0142udnie by\u0142o bez pr\u0105du. Intensywnie padaj\u0105cy od rana deszcz spowodowa\u0142 zalanie transformator\u00f3w. Pr\u0105du nie by\u0142o od godziny 4 nad ranem. (\u2026) awari\u0119 uda\u0142o si\u0119 usun\u0105\u0107 przed godzin\u0105 9<\/em>. (Gazeta.pl).<\/p>\n<p>Stra\u017c po\u017carna odnotowa\u0142a ponad 120 zg\u0142osze\u0144 do zalanych piwnic i gara\u017cy podziemnych, by\u0142y te\u017c awarie sygnalizacji \u015bwietlnej i drzewa uszkodzone przez wiatr (konary spada\u0142y na jezdnie), jednak w og\u00f3lno\u015bci szkody nie by\u0142y wielkie. (Gazeta.pl). Bardziej dotkliwe szkody spowodowa\u0142a nawa\u0142nica nast\u0119pnego dnia (29 czerwca), gdy\u017c by\u0142a po\u0142\u0105czona z gwa\u0142townym wichrem. Przewr\u00f3cone drzewo spad\u0142o na sie\u0107 trakcyjn\u0105 mi\u0119dzy Pruszkowem a Grodziskiem Mazowieckim, powoduj\u0105c wstrzymanie ruchu poci\u0105g\u00f3w na tej trasie; zerwane konary drzew uszkodzi\u0142y trakcj\u0119 tak\u017ce w rejonie stacji Powi\u015ble. Zwalone drzewa zniszczy\u0142y kilkadziesi\u0105t zabytkowych nagrobk\u00f3w na cmentarzu pow\u0105zkowskim.<\/p>\n<p>29-30 pa\u017adziernika: ni\u017c \u201eHerwart\u201d spowodowa\u0142 wichur\u0119 dochodz\u0105c\u0105 w porywach do ok. 100 km\/h. W Centrum Zdrowia Dziecka w Mi\u0119dzylesiu wiatr zerwa\u0142 fragment dachu; jeden oddzia\u0142 szpitalny trzeba by\u0142o ewakuowa\u0107. Wiatr przewr\u00f3ci\u0142 10-metrow\u0105 topol\u0119 na tramwajow\u0105 sie\u0107 trakcyjn\u0105 na ulicy Mi\u0119dzyparkowej na granicy \u017boliborza i \u015ar\u00f3dmie\u015bcia.<\/p>\n<p><u>Ekstremalne zjawiska pogodowe w roku 2018 <\/u><\/p>\n<p>Wis\u0142a \u2013 wrzesie\u0144\/pa\u017adziernik: niskostany, \u015bredni stan wody (posterunek Bulwary) w obu miesi\u0105cach 53 cm.<br \/>\n21 czerwca oko\u0142o godziny 19-tej nad Warszaw\u0105 przesz\u0142a burza wiatrowo-py\u0142owa (jak w roku poprzednim). Jest to zjawisko, kt\u00f3re \u2013 jak si\u0119 wydaje \u2013 z mniejsz\u0105 lub wi\u0119ksz\u0105 si\u0142\u0105 zdarza si\u0119 tu coraz cz\u0119\u015bciej.<\/p>\n<p>VarsoviaKlimat.pl<\/p>\n<p>\u0179r\u00f3d\u0142a: portale internetowe, Gazeta.pl, Wyborcza.pl, obserwacje w\u0142asne.<\/p>\n","protected":false},"excerpt":{"rendered":"<p>Skrajne zjawiska pogodowe w latach 2016-2018 Ekstremalne zjawiska pogodowe w roku 2016 17 czerwca: Oko\u0142o godziny 13 przesz\u0142a nad Warszaw\u0105 burza z gwa\u0142townym wiatrem; donoszono nawet o 40 mm opadu, jednak stacja Ok\u0119cie odnotowa\u0142a tylko 4 mm; do godziny 14 stra\u017c miejska otrzyma\u0142a 109 zg\u0142osze\u0144 o po\u0142amanych konarach i ga\u0142\u0119ziach, przewr\u00f3conych tak\u017ce pewna liczba drzew, [&hellip;]<\/p>\n","protected":false},"author":7,"featured_media":2266,"comment_status":"open","ping_status":"open","sticky":false,"template":"","format":"standard","meta":{"jetpack_post_was_ever_published":false,"footnotes":"","jetpack_publicize_message":"","jetpack_is_tweetstorm":false,"jetpack_publicize_feature_enabled":true},"categories":[29],"tags":[],"class_list":["post-2346","post","type-post","status-publish","format-standard","has-post-thumbnail","hentry","category-zjawiska-2001-2024"],"jetpack_publicize_connections":[],"yoast_head":"<!-- This site is optimized with the Yoast SEO plugin v19.10 - https:\/\/yoast.com\/wordpress\/plugins\/seo\/ -->\n<title>Skrajne zjawiska pogodowe w latach 2016-2018 - Klimatyczna Warszawa<\/title>\n<meta name=\"robots\" content=\"index, follow, max-snippet:-1, max-image-preview:large, max-video-preview:-1\" \/>\n<link rel=\"canonical\" href=\"https:\/\/varsoviaklimat.pl\/?p=2346\" \/>\n<meta property=\"og:locale\" content=\"pl_PL\" \/>\n<meta property=\"og:type\" content=\"article\" \/>\n<meta property=\"og:title\" content=\"Skrajne zjawiska pogodowe w latach 2016-2018 - Klimatyczna Warszawa\" \/>\n<meta property=\"og:description\" content=\"Skrajne zjawiska pogodowe w latach 2016-2018 Ekstremalne zjawiska pogodowe w roku 2016 17 czerwca: Oko\u0142o godziny 13 przesz\u0142a nad Warszaw\u0105 burza z gwa\u0142townym wiatrem; donoszono nawet o 40 mm opadu, jednak stacja Ok\u0119cie odnotowa\u0142a tylko 4 mm; do godziny 14 stra\u017c miejska otrzyma\u0142a 109 zg\u0142osze\u0144 o po\u0142amanych konarach i ga\u0142\u0119ziach, przewr\u00f3conych tak\u017ce pewna liczba drzew, [&hellip;]\" \/>\n<meta property=\"og:url\" content=\"https:\/\/varsoviaklimat.pl\/?p=2346\" \/>\n<meta property=\"og:site_name\" content=\"Klimatyczna Warszawa\" \/>\n<meta property=\"article:published_time\" content=\"2025-07-11T08:45:03+00:00\" \/>\n<meta property=\"og:image\" content=\"https:\/\/varsoviaklimat.pl\/wp-content\/uploads\/2025\/05\/2016-2018-tlo-1-xxl-scaled.webp\" \/>\n\t<meta property=\"og:image:width\" content=\"2560\" \/>\n\t<meta property=\"og:image:height\" content=\"1705\" \/>\n\t<meta property=\"og:image:type\" content=\"image\/webp\" \/>\n<meta name=\"author\" content=\"VarsoviaKlimat\" \/>\n<meta name=\"twitter:card\" content=\"summary_large_image\" \/>\n<meta name=\"twitter:label1\" content=\"Napisane przez\" \/>\n\t<meta name=\"twitter:data1\" content=\"VarsoviaKlimat\" \/>\n\t<meta name=\"twitter:label2\" content=\"Szacowany czas czytania\" \/>\n\t<meta name=\"twitter:data2\" content=\"5 minut\" \/>\n<script type=\"application\/ld+json\" class=\"yoast-schema-graph\">{\"@context\":\"https:\/\/schema.org\",\"@graph\":[{\"@type\":\"WebPage\",\"@id\":\"https:\/\/varsoviaklimat.pl\/?p=2346\",\"url\":\"https:\/\/varsoviaklimat.pl\/?p=2346\",\"name\":\"Skrajne zjawiska pogodowe w latach 2016-2018 - Klimatyczna Warszawa\",\"isPartOf\":{\"@id\":\"https:\/\/varsoviaklimat.pl\/#website\"},\"datePublished\":\"2025-07-11T08:45:03+00:00\",\"dateModified\":\"2025-07-11T08:45:03+00:00\",\"author\":{\"@id\":\"https:\/\/varsoviaklimat.pl\/#\/schema\/person\/56fd0c093f8505924c86e53d8458b441\"},\"breadcrumb\":{\"@id\":\"https:\/\/varsoviaklimat.pl\/?p=2346#breadcrumb\"},\"inLanguage\":\"pl-PL\",\"potentialAction\":[{\"@type\":\"ReadAction\",\"target\":[\"https:\/\/varsoviaklimat.pl\/?p=2346\"]}]},{\"@type\":\"BreadcrumbList\",\"@id\":\"https:\/\/varsoviaklimat.pl\/?p=2346#breadcrumb\",\"itemListElement\":[{\"@type\":\"ListItem\",\"position\":1,\"name\":\"Strona g\u0142\u00f3wna\",\"item\":\"https:\/\/varsoviaklimat.pl\/\"},{\"@type\":\"ListItem\",\"position\":2,\"name\":\"Skrajne zjawiska pogodowe w latach 2016-2018\"}]},{\"@type\":\"WebSite\",\"@id\":\"https:\/\/varsoviaklimat.pl\/#website\",\"url\":\"https:\/\/varsoviaklimat.pl\/\",\"name\":\"Klimatyczna Warszawa\",\"description\":\"Kronika pogody warszawskiej\",\"potentialAction\":[{\"@type\":\"SearchAction\",\"target\":{\"@type\":\"EntryPoint\",\"urlTemplate\":\"https:\/\/varsoviaklimat.pl\/?s={search_term_string}\"},\"query-input\":\"required name=search_term_string\"}],\"inLanguage\":\"pl-PL\"},{\"@type\":\"Person\",\"@id\":\"https:\/\/varsoviaklimat.pl\/#\/schema\/person\/56fd0c093f8505924c86e53d8458b441\",\"name\":\"VarsoviaKlimat\",\"image\":{\"@type\":\"ImageObject\",\"inLanguage\":\"pl-PL\",\"@id\":\"https:\/\/varsoviaklimat.pl\/#\/schema\/person\/image\/\",\"url\":\"https:\/\/secure.gravatar.com\/avatar\/35f0ec221ba4211d1d66ac70107821ed98d562118f3ce9a6f5902e30de7d8776?s=96&d=mm&r=g\",\"contentUrl\":\"https:\/\/secure.gravatar.com\/avatar\/35f0ec221ba4211d1d66ac70107821ed98d562118f3ce9a6f5902e30de7d8776?s=96&d=mm&r=g\",\"caption\":\"VarsoviaKlimat\"},\"url\":\"https:\/\/varsoviaklimat.pl\/?author=7\"}]}<\/script>\n<!-- \/ Yoast SEO plugin. -->","yoast_head_json":{"title":"Skrajne zjawiska pogodowe w latach 2016-2018 - Klimatyczna Warszawa","robots":{"index":"index","follow":"follow","max-snippet":"max-snippet:-1","max-image-preview":"max-image-preview:large","max-video-preview":"max-video-preview:-1"},"canonical":"https:\/\/varsoviaklimat.pl\/?p=2346","og_locale":"pl_PL","og_type":"article","og_title":"Skrajne zjawiska pogodowe w latach 2016-2018 - Klimatyczna Warszawa","og_description":"Skrajne zjawiska pogodowe w latach 2016-2018 Ekstremalne zjawiska pogodowe w roku 2016 17 czerwca: Oko\u0142o godziny 13 przesz\u0142a nad Warszaw\u0105 burza z gwa\u0142townym wiatrem; donoszono nawet o 40 mm opadu, jednak stacja Ok\u0119cie odnotowa\u0142a tylko 4 mm; do godziny 14 stra\u017c miejska otrzyma\u0142a 109 zg\u0142osze\u0144 o po\u0142amanych konarach i ga\u0142\u0119ziach, przewr\u00f3conych tak\u017ce pewna liczba drzew, [&hellip;]","og_url":"https:\/\/varsoviaklimat.pl\/?p=2346","og_site_name":"Klimatyczna Warszawa","article_published_time":"2025-07-11T08:45:03+00:00","og_image":[{"width":2560,"height":1705,"url":"https:\/\/varsoviaklimat.pl\/wp-content\/uploads\/2025\/05\/2016-2018-tlo-1-xxl-scaled.webp","type":"image\/webp"}],"author":"VarsoviaKlimat","twitter_card":"summary_large_image","twitter_misc":{"Napisane przez":"VarsoviaKlimat","Szacowany czas czytania":"5 minut"},"schema":{"@context":"https:\/\/schema.org","@graph":[{"@type":"WebPage","@id":"https:\/\/varsoviaklimat.pl\/?p=2346","url":"https:\/\/varsoviaklimat.pl\/?p=2346","name":"Skrajne zjawiska pogodowe w latach 2016-2018 - Klimatyczna Warszawa","isPartOf":{"@id":"https:\/\/varsoviaklimat.pl\/#website"},"datePublished":"2025-07-11T08:45:03+00:00","dateModified":"2025-07-11T08:45:03+00:00","author":{"@id":"https:\/\/varsoviaklimat.pl\/#\/schema\/person\/56fd0c093f8505924c86e53d8458b441"},"breadcrumb":{"@id":"https:\/\/varsoviaklimat.pl\/?p=2346#breadcrumb"},"inLanguage":"pl-PL","potentialAction":[{"@type":"ReadAction","target":["https:\/\/varsoviaklimat.pl\/?p=2346"]}]},{"@type":"BreadcrumbList","@id":"https:\/\/varsoviaklimat.pl\/?p=2346#breadcrumb","itemListElement":[{"@type":"ListItem","position":1,"name":"Strona g\u0142\u00f3wna","item":"https:\/\/varsoviaklimat.pl\/"},{"@type":"ListItem","position":2,"name":"Skrajne zjawiska pogodowe w latach 2016-2018"}]},{"@type":"WebSite","@id":"https:\/\/varsoviaklimat.pl\/#website","url":"https:\/\/varsoviaklimat.pl\/","name":"Klimatyczna Warszawa","description":"Kronika pogody warszawskiej","potentialAction":[{"@type":"SearchAction","target":{"@type":"EntryPoint","urlTemplate":"https:\/\/varsoviaklimat.pl\/?s={search_term_string}"},"query-input":"required name=search_term_string"}],"inLanguage":"pl-PL"},{"@type":"Person","@id":"https:\/\/varsoviaklimat.pl\/#\/schema\/person\/56fd0c093f8505924c86e53d8458b441","name":"VarsoviaKlimat","image":{"@type":"ImageObject","inLanguage":"pl-PL","@id":"https:\/\/varsoviaklimat.pl\/#\/schema\/person\/image\/","url":"https:\/\/secure.gravatar.com\/avatar\/35f0ec221ba4211d1d66ac70107821ed98d562118f3ce9a6f5902e30de7d8776?s=96&d=mm&r=g","contentUrl":"https:\/\/secure.gravatar.com\/avatar\/35f0ec221ba4211d1d66ac70107821ed98d562118f3ce9a6f5902e30de7d8776?s=96&d=mm&r=g","caption":"VarsoviaKlimat"},"url":"https:\/\/varsoviaklimat.pl\/?author=7"}]}},"jetpack_featured_media_url":"https:\/\/varsoviaklimat.pl\/wp-content\/uploads\/2025\/05\/2016-2018-tlo-1-xxl-scaled.webp","_links":{"self":[{"href":"https:\/\/varsoviaklimat.pl\/index.php?rest_route=\/wp\/v2\/posts\/2346","targetHints":{"allow":["GET"]}}],"collection":[{"href":"https:\/\/varsoviaklimat.pl\/index.php?rest_route=\/wp\/v2\/posts"}],"about":[{"href":"https:\/\/varsoviaklimat.pl\/index.php?rest_route=\/wp\/v2\/types\/post"}],"author":[{"embeddable":true,"href":"https:\/\/varsoviaklimat.pl\/index.php?rest_route=\/wp\/v2\/users\/7"}],"replies":[{"embeddable":true,"href":"https:\/\/varsoviaklimat.pl\/index.php?rest_route=%2Fwp%2Fv2%2Fcomments&post=2346"}],"version-history":[{"count":1,"href":"https:\/\/varsoviaklimat.pl\/index.php?rest_route=\/wp\/v2\/posts\/2346\/revisions"}],"predecessor-version":[{"id":2347,"href":"https:\/\/varsoviaklimat.pl\/index.php?rest_route=\/wp\/v2\/posts\/2346\/revisions\/2347"}],"wp:featuredmedia":[{"embeddable":true,"href":"https:\/\/varsoviaklimat.pl\/index.php?rest_route=\/wp\/v2\/media\/2266"}],"wp:attachment":[{"href":"https:\/\/varsoviaklimat.pl\/index.php?rest_route=%2Fwp%2Fv2%2Fmedia&parent=2346"}],"wp:term":[{"taxonomy":"category","embeddable":true,"href":"https:\/\/varsoviaklimat.pl\/index.php?rest_route=%2Fwp%2Fv2%2Fcategories&post=2346"},{"taxonomy":"post_tag","embeddable":true,"href":"https:\/\/varsoviaklimat.pl\/index.php?rest_route=%2Fwp%2Fv2%2Ftags&post=2346"}],"curies":[{"name":"wp","href":"https:\/\/api.w.org\/{rel}","templated":true}]}}