{"id":2439,"date":"2025-10-23T08:31:30","date_gmt":"2025-10-23T08:31:30","guid":{"rendered":"https:\/\/varsoviaklimat.pl\/?p=2439"},"modified":"2025-10-23T08:31:30","modified_gmt":"2025-10-23T08:31:30","slug":"skrajne-zjawiska-pogodowe-w-latach-2022-2024","status":"publish","type":"post","link":"https:\/\/varsoviaklimat.pl\/?p=2439","title":{"rendered":"Skrajne zjawiska pogodowe w latach 2022-2024"},"content":{"rendered":"<p><strong>Skrajne zjawiska pogodowe w latach 2022-2024<\/strong><\/p>\n<p><u>Ekstremalne zjawiska pogodowe w roku 2022<br \/>\n<\/u>Niskostany Wis\u0142y od czerwca do listopada; najni\u017csza woda lipiec-wrzesie\u0144 (\u015brednie stany odpowiednio 42, 39, 43 cm).<br \/>\n&#8211; 17 stycznia: ni\u017c skandynawsko-fi\u0144ski \u201eHannelore\u201d; grzmoty, maksymalny poryw wiatru 83,2 km\/h, \u015brednia pr\u0119dko\u015b\u0107 29,3 km\/h.<br \/>\n&#8211; 30 stycznia: ni\u017c Ba\u0142tycko-rosyjski \u201eNadia\u201d, \u015brdpw 34,3 km\/h, maksymalny poryw wiatru 85,7 km\/h.<br \/>\n&#8211; 17 lutego Warszaw\u0119 atakowa\u0142y fronty ni\u017cu skandynawskiego \u201eYlenia\/Dudley\u201d, powoduj\u0105c szkody m. in. w Lesie Kabackim, po nich w dniach 18-19 uderzy\u0142 ni\u017c \u201eZeynep -Eunice\u201d. Maksymalny poryw wiatru podczas tego ostatniego osi\u0105gn\u0105\u0142 109,1 km\/h (\u015brednia pr\u0119dko\u015b\u0107 dobowa we wspomnianych dniach od 33 do 36 km\/h).<br \/>\n&#8211; 1-2 kwietnia nasun\u0105\u0142 si\u0119 ni\u017c genue\u0144ski \u201eKatharina\u201d \u2013 w ci\u0105gu jednej doby spad\u0142o 15 cm \u015bniegu, historycznie jeden z najwy\u017cszych opad\u00f3w dobowych w kwietniu (rekord to 17 cm z 19 kwietnia 1849). Mimo post\u0119p\u00f3w ocieplenia klimatu, obfite \u015bnie\u017cyce s\u0105 ci\u0105gle mo\u017cliwe.<\/p>\n<p><u>Ekstremalne zjawiska pogodowe w roku 2023<br \/>\n<\/u>&#8211; 1 stycznia na oficjalnej stacji meteorologicznej na Ok\u0119ciu odnotowano w noc sylwestrow\u0105 minimaln\u0105 temperatur\u0119 13,4\u00b0C, a w dzie\u0144 noworoczny \u2013 maksymaln\u0105 18,9\u00b0C. Obie te warto\u015bci maj\u0105 charakter i\u015bcie rewolucyjny. Ta pierwsza warto\u015b\u0107 oznacza pobicie uprzedniego rekordu dobowego o pi\u0119\u0107 stopni, a ta druga przewy\u017cszy\u0142a poprzedni rekord dobowy o prawie 9 stopni, a dla ca\u0142ego miesi\u0105ca stycznia o pi\u0119\u0107 stopni! Zbli\u017cone temperatury maksymalne w sezonie zimowym notowane by\u0142y dawniej dopiero w ko\u0144c\u00f3wce lutego (gdy promieniowanie s\u0142oneczne jest ju\u017c znacznie silniejsze). Mo\u017cna og\u0142osi\u0107, \u017ce od tej pory temperatury zbli\u017cone do +20 stopni s\u0105 mo\u017cliwe w Warszawie przez ca\u0142y rok.<br \/>\n&#8211; Pa\u017adziernik: skrajnie niski \u015bredni stan wody (67 cm); atoli ju\u017c wkr\u00f3tce woda wi\u015blana mia\u0142a opada\u0107 znacznie ni\u017cej.<\/p>\n<p><u>Ekstremalne zjawiska pogodowe w roku 2024<br \/>\n<\/u>&#8211; 28 czerwca mi\u0119dzy godzin\u0105 8-m\u0105 a 9-t\u0105 wieczorem (po upalnym, parnym dniu) nad Warszaw\u0105 przesz\u0142a silna burza, kt\u00f3ra spowodowa\u0142a szkody w wielu miejscach niekt\u00f3re ulice zosta\u0142y zalane, wiele drzew po\u0142amanych. Od godz. 20.30 na pewien czas przesta\u0142y kursowa\u0107 poci\u0105gi mi\u0119dzy Warszaw\u0105 Wschodni\u0105 a Zachodni\u0105. Najwi\u0119ksza ulewa jednak omin\u0119\u0142a stacj\u0119 Ok\u0119cie.<br \/>\n&#8211; 11 lipca w godzinach 18-19 oraz ponownie w nocy 12\/13 (oko\u0142o godz. 1-2) nad stolic\u0105 sro\u017cy\u0142y si\u0119 burze, kt\u00f3rych g\u0142\u00f3wne uderzenie zn\u00f3w omin\u0119\u0142o Ok\u0119cie; ucierpia\u0142y jednak inne rejony, osobliwie podwarszawskie Piaseczno, Pruszk\u00f3w, Wo\u0142omin (zalania i powalone drzewa, zerwane linie energetyczne). W Warszawie wiatr powali\u0142 stare drzewa m.in.\u00a0ko\u0142o antykwariatu przy ul.\u00a0D\u0105browskiego na Mokotowie, na Solcu i przy Kruczkowskiego na Powi\u015blu. Woda zala\u0142a cz\u0119\u015b\u0107 parkingu podziemnego w centrum handlowym w Jankach.<br \/>\n&#8211; Skutki burzy z nocy 12\/13 lipca: stra\u017c po\u017carna przez ca\u0142y dzie\u0144 13-ego usuwa\u0142a skutki nocnej burzy nad Warszaw\u0105 i okolicznymi miejscowo\u015bciami. Z powodu awarii pr\u0105du nie dzia\u0142a\u0142y centra handlowe M1 w Markach, IKEA Targ\u00f3wek i Decathlon, a tak\u017ce tamtejszy bar McDonald\u2019s.<br \/>\nPo nocnej burzy stra\u017c po\u017carna mia\u0142a ponad 400 interwencji na Mazowszu, w tym 330 zwi\u0105zanych z po\u0142amanymi drzewami, stra\u017cacy 66 razy odpompowywali wod\u0119, mieli cztery interwencje zwi\u0105zane z zerwanymi przez wiatr dachami.<br \/>\nNa ulicy Popie\u0142uszki (d. Sto\u0142ecznej) w Warszawie oko\u0142o godziny 2 w nocy drzewo przewr\u00f3ci\u0142o si\u0119 na jad\u0105cy samoch\u00f3d, kt\u00f3rym podr\u00f3\u017cowa\u0142y cztery osoby. \u201eNa szcz\u0119\u015bcie nikomu nic si\u0119 nie sta\u0142o. Mo\u017cna m\u00f3wi\u0107 o cudzie, bo samoch\u00f3d jest bardzo zniszczony\u201d, informowa\u0142 st. asp. Bogdan Smoter z zespo\u0142u prasowego Komendy Miejskiej PSP m.st. Warszawy.<br \/>\nBurza powali\u0142a wielkie drzewa m.in. na Czerskiej, Gagarina (Mokot\u00f3w), J\u00f3rskiego (Targ\u00f3wek).<br \/>\nPark \u0141azienkowski by\u0142 zamkni\u0119ty od czwartku do pi\u0105tku w po\u0142udnie (11-12 lipca). Muzeum zaapelowa\u0142o do zwiedzaj\u0105cych, by po otwarciu poruszali si\u0119 wy\u0142\u0105cznie w obr\u0119bie wyznaczonych ci\u0105g\u00f3w komunikacyjnych i nie wchodzili na miejsca wygrodzone ta\u015bmami. W sobot\u0119 13 lipca &#8211; w zwi\u0105zku z kolejn\u0105 nocn\u0105 intensywn\u0105 burz\u0105 &#8211; ogrody ponownie zamkni\u0119to.\u00a0Wed\u0142ug dyrekcji Muzeum \u0141azienki Kr\u00f3lewskie, uszkodzonych zosta\u0142o oko\u0142o 100 drzew (z ok. 8000 og\u00f3\u0142em rosn\u0105cych w parku). Wszystkie niedzielne wydarzenia (14 lipca) &#8211; Koncerty Chopinowskie, Festiwal Strefa Ciszy, warsztaty, spacery i oprowadzania &#8211; zosta\u0142y odwo\u0142ane. Jak informowano, \u201enajstarsi sta\u017cem pracownicy Muzeum nie pami\u0119taj\u0105 takiej skali zniszcze\u0144 w ogrodach, jak po pi\u0105tkowej burzy.\u201d<br \/>\n&#8211; 28 lipca (oko\u0142o godziny 14) na stolic\u0119 uderzy\u0142 silny szkwa\u0142 (max poryw wiatru 85,3 km\/h, najsilniejszy w ca\u0142ym roku) kt\u00f3ry spowodowa\u0142 szkody; ze wzgl\u0119d\u00f3w bezpiecze\u0144stwa (ponownie) zamkni\u0119to dla zwiedzaj\u0105cych \u0141azienki Kr\u00f3lewskie. Nawa\u0142nice dotkn\u0119\u0142y znaczn\u0105 cz\u0119\u015b\u0107 kraju (2 ofiary \u015bmiertelne), najmocniej wojew\u00f3dztwa mazowieckie i warmi\u0144sko-mazurskie.<br \/>\n&#8211; 19 sierpnia: burza z piorunami sro\u017cy\u0142a si\u0119 nad Warszaw\u0105 w godzinach 13-14, ale to nie by\u0142 koniec deszczu, kt\u00f3ry ponownie pada\u0142 intensywnie od godziny 21-ej do 2giej w nocy (19\/20). Burza do Warszawy przysz\u0142a z zachodu, wcze\u015bniej atakowa\u0142a Grodzisk Mazowiecki, gdzie zosta\u0142y uszkodzone dachy magazyn\u00f3w marek H&amp;M i\u00a0Panattoni. W Warszawie dosz\u0142o do wielu podtopie\u0144 piwnic i lokali us\u0142ugowych, \u0142ama\u0142y si\u0119 ga\u0142\u0119zie i drzewa.<br \/>\nJednak to wspomniana druga, wielogodzinna fala ulewy przes\u0105dzi\u0142a o tym, \u017ce ca\u0142odobowa suma opadu zarejestrowana na stacji Ok\u0119cie osi\u0105gn\u0119\u0142a 93,8 mm, co stanowi historyczny rekord dla oficjalnej stacji warszawskiej (poprzedni warszawski to 86,6 mm z 18 lipca 1851, dla posterunku Ok\u0119cie to 75,6 mm z 31 lipca 2011). Jeszcze bardziej imponuj\u0105cy wynik przypad\u0142 na stacj\u0119 IMGW Bielany, gdzie zmierzono a\u017c 119 mm. A wi\u0119c to nic dziwnego, \u017ce 20 sierpnia media pe\u0142ne by\u0142y doniesie\u0144 o zalaniach i podtopieniach. Rano tego\u017c dnia nieprzejezdna by\u0142a m. in. trasa ekspresowa S8 na wysoko\u015bci Marymontu,\u00a0tunele na trasie S2, trasa S79 przy Lotnisku Chopina, al. Sikorskiego przy Dolinie S\u0142u\u017cewieckiej,\u00a0tunele\u00a0na Lazurowej\u00a0i w al. 4 Czerwca 1989 r. we W\u0142ochach, ul. Spisaka na Ursusie. W kinie galerii handlowej Sadyba Best Mall zosta\u0142 uszkodzony dach i zalany gara\u017c.<br \/>\nKomentatorzy podkre\u015blali, \u017ce gwa\u0142towne zjawiska pogodowe to efekt zmiany klimatu. \u201eGdyby nie zmiana klimatu, zwrotnikowe powietrze nie mia\u0142oby a\u017c tak swobodnego doj\u015bcia do Polski i nie\u00a0nap\u0142ywa\u0142o\u00a0tu tak cz\u0119sto\u201d, stwierdzi\u0142 Grzegorz Walijewski z IMGW.<\/p>\n<p>\u0179r\u00f3d\u0142a: Open-Meteo, Raportwarszawski.pl, Wyborcza.pl, inne media, obserwacje w\u0142asne.<\/p>\n","protected":false},"excerpt":{"rendered":"<p>Skrajne zjawiska pogodowe w latach 2022-2024 Ekstremalne zjawiska pogodowe w roku 2022 Niskostany Wis\u0142y od czerwca do listopada; najni\u017csza woda lipiec-wrzesie\u0144 (\u015brednie stany odpowiednio 42, 39, 43 cm). &#8211; 17 stycznia: ni\u017c skandynawsko-fi\u0144ski \u201eHannelore\u201d; grzmoty, maksymalny poryw wiatru 83,2 km\/h, \u015brednia pr\u0119dko\u015b\u0107 29,3 km\/h. &#8211; 30 stycznia: ni\u017c Ba\u0142tycko-rosyjski \u201eNadia\u201d, \u015brdpw 34,3 km\/h, maksymalny poryw [&hellip;]<\/p>\n","protected":false},"author":7,"featured_media":2268,"comment_status":"open","ping_status":"open","sticky":false,"template":"","format":"standard","meta":{"jetpack_post_was_ever_published":false,"footnotes":"","jetpack_publicize_message":"","jetpack_is_tweetstorm":false,"jetpack_publicize_feature_enabled":true},"categories":[29],"tags":[],"class_list":["post-2439","post","type-post","status-publish","format-standard","has-post-thumbnail","hentry","category-zjawiska-2001-2024"],"jetpack_publicize_connections":[],"yoast_head":"<!-- This site is optimized with the Yoast SEO plugin v19.10 - https:\/\/yoast.com\/wordpress\/plugins\/seo\/ -->\n<title>Skrajne zjawiska pogodowe w latach 2022-2024 - Klimatyczna Warszawa<\/title>\n<meta name=\"robots\" content=\"index, follow, max-snippet:-1, max-image-preview:large, max-video-preview:-1\" \/>\n<link rel=\"canonical\" href=\"https:\/\/varsoviaklimat.pl\/?p=2439\" \/>\n<meta property=\"og:locale\" content=\"pl_PL\" \/>\n<meta property=\"og:type\" content=\"article\" \/>\n<meta property=\"og:title\" content=\"Skrajne zjawiska pogodowe w latach 2022-2024 - Klimatyczna Warszawa\" \/>\n<meta property=\"og:description\" content=\"Skrajne zjawiska pogodowe w latach 2022-2024 Ekstremalne zjawiska pogodowe w roku 2022 Niskostany Wis\u0142y od czerwca do listopada; najni\u017csza woda lipiec-wrzesie\u0144 (\u015brednie stany odpowiednio 42, 39, 43 cm). &#8211; 17 stycznia: ni\u017c skandynawsko-fi\u0144ski \u201eHannelore\u201d; grzmoty, maksymalny poryw wiatru 83,2 km\/h, \u015brednia pr\u0119dko\u015b\u0107 29,3 km\/h. &#8211; 30 stycznia: ni\u017c Ba\u0142tycko-rosyjski \u201eNadia\u201d, \u015brdpw 34,3 km\/h, maksymalny poryw [&hellip;]\" \/>\n<meta property=\"og:url\" content=\"https:\/\/varsoviaklimat.pl\/?p=2439\" \/>\n<meta property=\"og:site_name\" content=\"Klimatyczna Warszawa\" \/>\n<meta property=\"article:published_time\" content=\"2025-10-23T08:31:30+00:00\" \/>\n<meta property=\"og:image\" content=\"https:\/\/varsoviaklimat.pl\/wp-content\/uploads\/2025\/05\/2022-2024-tlo-1-xxl-2-scaled.webp\" \/>\n\t<meta property=\"og:image:width\" content=\"2560\" \/>\n\t<meta property=\"og:image:height\" content=\"1705\" \/>\n\t<meta property=\"og:image:type\" content=\"image\/webp\" \/>\n<meta name=\"author\" content=\"VarsoviaKlimat\" \/>\n<meta name=\"twitter:card\" content=\"summary_large_image\" \/>\n<meta name=\"twitter:label1\" content=\"Napisane przez\" \/>\n\t<meta name=\"twitter:data1\" content=\"VarsoviaKlimat\" \/>\n\t<meta name=\"twitter:label2\" content=\"Szacowany czas czytania\" \/>\n\t<meta name=\"twitter:data2\" content=\"6 minut\" \/>\n<script type=\"application\/ld+json\" class=\"yoast-schema-graph\">{\"@context\":\"https:\/\/schema.org\",\"@graph\":[{\"@type\":\"WebPage\",\"@id\":\"https:\/\/varsoviaklimat.pl\/?p=2439\",\"url\":\"https:\/\/varsoviaklimat.pl\/?p=2439\",\"name\":\"Skrajne zjawiska pogodowe w latach 2022-2024 - Klimatyczna Warszawa\",\"isPartOf\":{\"@id\":\"https:\/\/varsoviaklimat.pl\/#website\"},\"datePublished\":\"2025-10-23T08:31:30+00:00\",\"dateModified\":\"2025-10-23T08:31:30+00:00\",\"author\":{\"@id\":\"https:\/\/varsoviaklimat.pl\/#\/schema\/person\/56fd0c093f8505924c86e53d8458b441\"},\"breadcrumb\":{\"@id\":\"https:\/\/varsoviaklimat.pl\/?p=2439#breadcrumb\"},\"inLanguage\":\"pl-PL\",\"potentialAction\":[{\"@type\":\"ReadAction\",\"target\":[\"https:\/\/varsoviaklimat.pl\/?p=2439\"]}]},{\"@type\":\"BreadcrumbList\",\"@id\":\"https:\/\/varsoviaklimat.pl\/?p=2439#breadcrumb\",\"itemListElement\":[{\"@type\":\"ListItem\",\"position\":1,\"name\":\"Strona g\u0142\u00f3wna\",\"item\":\"https:\/\/varsoviaklimat.pl\/\"},{\"@type\":\"ListItem\",\"position\":2,\"name\":\"Skrajne zjawiska pogodowe w latach 2022-2024\"}]},{\"@type\":\"WebSite\",\"@id\":\"https:\/\/varsoviaklimat.pl\/#website\",\"url\":\"https:\/\/varsoviaklimat.pl\/\",\"name\":\"Klimatyczna Warszawa\",\"description\":\"Kronika pogody warszawskiej\",\"potentialAction\":[{\"@type\":\"SearchAction\",\"target\":{\"@type\":\"EntryPoint\",\"urlTemplate\":\"https:\/\/varsoviaklimat.pl\/?s={search_term_string}\"},\"query-input\":\"required name=search_term_string\"}],\"inLanguage\":\"pl-PL\"},{\"@type\":\"Person\",\"@id\":\"https:\/\/varsoviaklimat.pl\/#\/schema\/person\/56fd0c093f8505924c86e53d8458b441\",\"name\":\"VarsoviaKlimat\",\"image\":{\"@type\":\"ImageObject\",\"inLanguage\":\"pl-PL\",\"@id\":\"https:\/\/varsoviaklimat.pl\/#\/schema\/person\/image\/\",\"url\":\"https:\/\/secure.gravatar.com\/avatar\/35f0ec221ba4211d1d66ac70107821ed98d562118f3ce9a6f5902e30de7d8776?s=96&d=mm&r=g\",\"contentUrl\":\"https:\/\/secure.gravatar.com\/avatar\/35f0ec221ba4211d1d66ac70107821ed98d562118f3ce9a6f5902e30de7d8776?s=96&d=mm&r=g\",\"caption\":\"VarsoviaKlimat\"},\"url\":\"https:\/\/varsoviaklimat.pl\/?author=7\"}]}<\/script>\n<!-- \/ Yoast SEO plugin. -->","yoast_head_json":{"title":"Skrajne zjawiska pogodowe w latach 2022-2024 - Klimatyczna Warszawa","robots":{"index":"index","follow":"follow","max-snippet":"max-snippet:-1","max-image-preview":"max-image-preview:large","max-video-preview":"max-video-preview:-1"},"canonical":"https:\/\/varsoviaklimat.pl\/?p=2439","og_locale":"pl_PL","og_type":"article","og_title":"Skrajne zjawiska pogodowe w latach 2022-2024 - Klimatyczna Warszawa","og_description":"Skrajne zjawiska pogodowe w latach 2022-2024 Ekstremalne zjawiska pogodowe w roku 2022 Niskostany Wis\u0142y od czerwca do listopada; najni\u017csza woda lipiec-wrzesie\u0144 (\u015brednie stany odpowiednio 42, 39, 43 cm). &#8211; 17 stycznia: ni\u017c skandynawsko-fi\u0144ski \u201eHannelore\u201d; grzmoty, maksymalny poryw wiatru 83,2 km\/h, \u015brednia pr\u0119dko\u015b\u0107 29,3 km\/h. &#8211; 30 stycznia: ni\u017c Ba\u0142tycko-rosyjski \u201eNadia\u201d, \u015brdpw 34,3 km\/h, maksymalny poryw [&hellip;]","og_url":"https:\/\/varsoviaklimat.pl\/?p=2439","og_site_name":"Klimatyczna Warszawa","article_published_time":"2025-10-23T08:31:30+00:00","og_image":[{"width":2560,"height":1705,"url":"https:\/\/varsoviaklimat.pl\/wp-content\/uploads\/2025\/05\/2022-2024-tlo-1-xxl-2-scaled.webp","type":"image\/webp"}],"author":"VarsoviaKlimat","twitter_card":"summary_large_image","twitter_misc":{"Napisane przez":"VarsoviaKlimat","Szacowany czas czytania":"6 minut"},"schema":{"@context":"https:\/\/schema.org","@graph":[{"@type":"WebPage","@id":"https:\/\/varsoviaklimat.pl\/?p=2439","url":"https:\/\/varsoviaklimat.pl\/?p=2439","name":"Skrajne zjawiska pogodowe w latach 2022-2024 - Klimatyczna Warszawa","isPartOf":{"@id":"https:\/\/varsoviaklimat.pl\/#website"},"datePublished":"2025-10-23T08:31:30+00:00","dateModified":"2025-10-23T08:31:30+00:00","author":{"@id":"https:\/\/varsoviaklimat.pl\/#\/schema\/person\/56fd0c093f8505924c86e53d8458b441"},"breadcrumb":{"@id":"https:\/\/varsoviaklimat.pl\/?p=2439#breadcrumb"},"inLanguage":"pl-PL","potentialAction":[{"@type":"ReadAction","target":["https:\/\/varsoviaklimat.pl\/?p=2439"]}]},{"@type":"BreadcrumbList","@id":"https:\/\/varsoviaklimat.pl\/?p=2439#breadcrumb","itemListElement":[{"@type":"ListItem","position":1,"name":"Strona g\u0142\u00f3wna","item":"https:\/\/varsoviaklimat.pl\/"},{"@type":"ListItem","position":2,"name":"Skrajne zjawiska pogodowe w latach 2022-2024"}]},{"@type":"WebSite","@id":"https:\/\/varsoviaklimat.pl\/#website","url":"https:\/\/varsoviaklimat.pl\/","name":"Klimatyczna Warszawa","description":"Kronika pogody warszawskiej","potentialAction":[{"@type":"SearchAction","target":{"@type":"EntryPoint","urlTemplate":"https:\/\/varsoviaklimat.pl\/?s={search_term_string}"},"query-input":"required name=search_term_string"}],"inLanguage":"pl-PL"},{"@type":"Person","@id":"https:\/\/varsoviaklimat.pl\/#\/schema\/person\/56fd0c093f8505924c86e53d8458b441","name":"VarsoviaKlimat","image":{"@type":"ImageObject","inLanguage":"pl-PL","@id":"https:\/\/varsoviaklimat.pl\/#\/schema\/person\/image\/","url":"https:\/\/secure.gravatar.com\/avatar\/35f0ec221ba4211d1d66ac70107821ed98d562118f3ce9a6f5902e30de7d8776?s=96&d=mm&r=g","contentUrl":"https:\/\/secure.gravatar.com\/avatar\/35f0ec221ba4211d1d66ac70107821ed98d562118f3ce9a6f5902e30de7d8776?s=96&d=mm&r=g","caption":"VarsoviaKlimat"},"url":"https:\/\/varsoviaklimat.pl\/?author=7"}]}},"jetpack_featured_media_url":"https:\/\/varsoviaklimat.pl\/wp-content\/uploads\/2025\/05\/2022-2024-tlo-1-xxl-2-scaled.webp","_links":{"self":[{"href":"https:\/\/varsoviaklimat.pl\/index.php?rest_route=\/wp\/v2\/posts\/2439","targetHints":{"allow":["GET"]}}],"collection":[{"href":"https:\/\/varsoviaklimat.pl\/index.php?rest_route=\/wp\/v2\/posts"}],"about":[{"href":"https:\/\/varsoviaklimat.pl\/index.php?rest_route=\/wp\/v2\/types\/post"}],"author":[{"embeddable":true,"href":"https:\/\/varsoviaklimat.pl\/index.php?rest_route=\/wp\/v2\/users\/7"}],"replies":[{"embeddable":true,"href":"https:\/\/varsoviaklimat.pl\/index.php?rest_route=%2Fwp%2Fv2%2Fcomments&post=2439"}],"version-history":[{"count":1,"href":"https:\/\/varsoviaklimat.pl\/index.php?rest_route=\/wp\/v2\/posts\/2439\/revisions"}],"predecessor-version":[{"id":2440,"href":"https:\/\/varsoviaklimat.pl\/index.php?rest_route=\/wp\/v2\/posts\/2439\/revisions\/2440"}],"wp:featuredmedia":[{"embeddable":true,"href":"https:\/\/varsoviaklimat.pl\/index.php?rest_route=\/wp\/v2\/media\/2268"}],"wp:attachment":[{"href":"https:\/\/varsoviaklimat.pl\/index.php?rest_route=%2Fwp%2Fv2%2Fmedia&parent=2439"}],"wp:term":[{"taxonomy":"category","embeddable":true,"href":"https:\/\/varsoviaklimat.pl\/index.php?rest_route=%2Fwp%2Fv2%2Fcategories&post=2439"},{"taxonomy":"post_tag","embeddable":true,"href":"https:\/\/varsoviaklimat.pl\/index.php?rest_route=%2Fwp%2Fv2%2Ftags&post=2439"}],"curies":[{"name":"wp","href":"https:\/\/api.w.org\/{rel}","templated":true}]}}